{"id":5646,"date":"2023-12-20T15:50:00","date_gmt":"2023-12-20T14:50:00","guid":{"rendered":"https:\/\/www.luna-nuova.it\/?p=5646"},"modified":"2026-09-01T15:53:23","modified_gmt":"2026-09-01T13:53:23","slug":"lestetica-del-paese","status":"publish","type":"post","link":"https:\/\/www.luna-nuova.it\/?p=5646","title":{"rendered":"L&#8217;ESTETICA DEL PAESE"},"content":{"rendered":"\n<p class=\"wp-block-paragraph\" style=\"font-size:20px\"><mark style=\"background-color:rgba(0, 0, 0, 0)\" class=\"has-inline-color has-luminous-vivid-orange-color\">La bellezza di un centro abitato \u00e8 plasmata da scelte pubbliche e iniziative private, spesso difficili da conciliare.<\/mark><\/p>\n\n\n\n<p class=\"has-text-align-right wp-block-paragraph\"><strong><a href=\"https:\/\/www.luna-nuova.it\/wp-content\/uploads\/2026\/01\/64dicembre2023-WEB.pdf\" data-type=\"attachment\" data-id=\"493\" target=\"_blank\" rel=\"noreferrer noopener\"><mark style=\"background-color:rgba(0, 0, 0, 0)\" class=\"has-inline-color has-vivid-cyan-blue-color\">La LUNA<\/mark><\/a><\/strong><em><a href=\"https:\/\/www.luna-nuova.it\/wp-content\/uploads\/2026\/01\/64dicembre2023-WEB.pdf\" data-type=\"attachment\" data-id=\"493\" target=\"_blank\" rel=\"noreferrer noopener\"><strong><mark style=\"background-color:rgba(0, 0, 0, 0)\" class=\"has-inline-color has-vivid-cyan-blue-color\"><\/mark><\/strong><em><mark style=\"background-color:rgba(0, 0, 0, 0)\" class=\"has-inline-color has-vivid-cyan-blue-color\"><strong>nuova<\/strong><\/mark><\/em><\/a><\/em><mark style=\"background-color:rgba(0, 0, 0, 0)\" class=\"has-inline-color has-vivid-cyan-blue-color\"><a href=\"https:\/\/www.luna-nuova.it\/wp-content\/uploads\/2026\/01\/64dicembre2023-WEB.pdf\" data-type=\"attachment\" data-id=\"493\" target=\"_blank\" rel=\"noreferrer noopener\">, dicembre 2023<\/a><\/mark><\/p>\n\n\n\n<p class=\"has-text-align-right wp-block-paragraph\"><em>(La Mandragola, Niccol\u00f2 Machiavelli)<\/em><\/p>\n\n\n\n<figure class=\"wp-block-image size-full is-resized\"><img decoding=\"async\" width=\"600\" height=\"336\" data-src=\"https:\/\/www.luna-nuova.it\/wp-content\/uploads\/2026\/09\/Palagano-e1788270627487.jpg\" alt=\"\" class=\"wp-image-5645 lazyload\" style=\"--smush-placeholder-width: 600px; --smush-placeholder-aspect-ratio: 600\/336;width:798px;height:auto\" data-srcset=\"https:\/\/www.luna-nuova.it\/wp-content\/uploads\/2026\/09\/Palagano-e1788270627487.jpg 600w, https:\/\/www.luna-nuova.it\/wp-content\/uploads\/2026\/09\/Palagano-e1788270627487-300x168.jpg 300w\" data-sizes=\"(max-width: 600px) 100vw, 600px\" src=\"data:image\/svg+xml;base64,PHN2ZyB3aWR0aD0iMSIgaGVpZ2h0PSIxIiB4bWxucz0iaHR0cDovL3d3dy53My5vcmcvMjAwMC9zdmciPjwvc3ZnPg==\" \/><\/figure>\n\n\n\n<div style=\"height:34px\" aria-hidden=\"true\" class=\"wp-block-spacer\"><\/div>\n\n\n\n<p class=\"has-text-align-left wp-block-paragraph\" style=\"font-size:20px\"><strong>Daniele Fratti<\/strong><\/p>\n\n\n\n<p class=\"has-text-align-left wp-block-paragraph\" style=\"font-size:20px\">La Repubblica, nel suo impegno a promuovere cultura e ricerca, si fa paladina anche della bellezza del nostro paesaggio e del ricco patrimonio storico-artistico della Nazione&#8221; (art. 9, Costituzione italiana). Un manifesto che ci ricorda quanto sia importante custodire la nostra identit\u00e0 attraverso le meraviglie che ci circondano. Ma se da un lato celebriamo il nostro passato, dall&#8217;altro, sembra che il presente di Palagano, incastonato tra le sue colline, stia scivolando via senza lasciare un segno tangibile. L\u2019Istat, nei suoi intricati meandri di statistiche, rileva tra gli indicatori del benessere il paesaggio e il patrimonio culturale. Il diritto alla bellezza e la tutela del paesaggio sono una delle missioni proprie dello Stato. <\/p>\n\n\n\n<p class=\"has-text-align-left wp-block-paragraph\" style=\"font-size:20px\">Tuttavia, in questo contesto, sembra emergere un vuoto. In mezzo alle urgenze quotidiane &#8211; scuola, lavoro, sanit\u00e0 &#8211; sembra che la riqualificazione urbana di Palagano sia relegata in secondo piano.<br>In alcuni borghi qualcosa si \u00e8 mosso, come a Lama di Monchio e Boccassuolo, ma nel cuore di Palagano, il tempo sembra essersi fermato, con scarse trasformazioni negli ultimi decenni.<br>L&#8217;attenzione si \u00e8 focalizzata ultimamente sul parco comunale, con interventi che hanno regalato nuova vita e vitalit\u00e0, mentre nel resto del paese l\u2019ultima azione incisiva \u00e8 stata la realizzazione dei camminamenti, risalente alla giunta Galvani. Tuttavia, il tema \u00e8 complesso, poich\u00e9 la bellezza di un centro abitato \u00e8 plasmata da scelte pubbliche e iniziative private, spesso difficili da conciliare.<br>Le tipologie costruttive, dagli anni &#8217;70 in poi, hanno abbracciato la diversit\u00e0 con edifici in pietra, mattone a vista, legno, intonaci vari, creando un mosaico architettonico talvolta controverso. <\/p>\n\n\n\n<p class=\"has-text-align-left wp-block-paragraph\" style=\"font-size:20px\">Non tutto \u00e8 perduto e forse \u00e8 il momento di ravvivare l&#8217;anima di Palagano. Piccoli interventi pubblici o in collaborazione pubblica\/privata potrebbero donare carattere agli angoli nascosti del paese. Perch\u00e9 non trasformare le piazze in luoghi accoglienti e immaginare l&#8217;introduzione di elementi di arredo che siano un autentico invito a scoprire il cuore del paese? Alcuni paesi appenninici, come Fanano, ci hanno gi\u00e0 mostrato che \u00e8 possibile.<\/p>\n\n\n\n<p class=\"has-text-align-left wp-block-paragraph\" style=\"font-size:20px\">Palagano potrebbe non diventare una meta turistica di punta, ma ha il potenziale per offrire non solo una natura straordinaria, ma anche piacevoli passeggiate estive per abitanti e turisti. Lasciamo che la bellezza di Palagano risplenda, rendendolo un gioiello nascosto da scoprire nelle pieghe delle colline appenniniche.<\/p>\n\n\n\n<p class=\"wp-block-paragraph\" style=\"font-size:20px\"><\/p>\n\n\n\n<p class=\"wp-block-paragraph\"><\/p>\n","protected":false},"excerpt":{"rendered":"<p>La bellezza di un centro abitato \u00e8 plasmata da scelte pubbliche e iniziative private, spesso difficili da conciliare.<\/p>\n","protected":false},"author":23,"featured_media":5645,"comment_status":"open","ping_status":"open","sticky":false,"template":"","format":"standard","meta":{"_acf_changed":false,"footnotes":""},"categories":[7],"tags":[],"class_list":["post-5646","post","type-post","status-publish","format-standard","has-post-thumbnail","hentry","category-fatti-e-misfatti"],"aioseo_notices":[],"aioseo_head":"\n\t\t<!-- All in One SEO 5.0.1.1 - aioseo.com -->\n\t<meta name=\"description\" content=\"La bellezza di un centro abitato \u00e8 plasmata da scelte pubbliche e iniziative private, spesso difficili da conciliare.\" \/>\n\t<meta name=\"robots\" content=\"max-image-preview:large\" \/>\n\t<meta name=\"author\" content=\"Daniele Fratti\"\/>\n\t<link rel=\"canonical\" href=\"https:\/\/www.luna-nuova.it\/?p=5646\" \/>\n\t<meta name=\"generator\" content=\"All in One SEO (AIOSEO) 5.0.1.1\" \/>\n\t\t<meta property=\"og:locale\" content=\"it_IT\" \/>\n\t\t<meta property=\"og:site_name\" content=\"Associazione la LUNA - Attualit\u00e0 - Cultura - Tradizioni - Solidariet\u00e0\" \/>\n\t\t<meta property=\"og:type\" content=\"article\" \/>\n\t\t<meta property=\"og:title\" content=\"L\u2019ESTETICA DEL PAESE - Associazione la LUNA\" \/>\n\t\t<meta property=\"og:description\" content=\"La bellezza di un centro abitato \u00e8 plasmata da scelte pubbliche e iniziative private, spesso difficili da conciliare.\" \/>\n\t\t<meta property=\"og:url\" content=\"https:\/\/www.luna-nuova.it\/?p=5646\" \/>\n\t\t<meta property=\"article:published_time\" content=\"2023-12-20T14:50:00+00:00\" \/>\n\t\t<meta property=\"article:modified_time\" content=\"2026-09-01T13:53:23+00:00\" \/>\n\t\t<meta property=\"article:publisher\" content=\"https:\/\/www.facebook.com\/groups\/395803209096\" \/>\n\t\t<meta name=\"twitter:card\" content=\"summary_large_image\" \/>\n\t\t<meta name=\"twitter:title\" content=\"L\u2019ESTETICA DEL PAESE - Associazione la LUNA\" \/>\n\t\t<meta name=\"twitter:description\" content=\"La bellezza di un centro abitato \u00e8 plasmata da scelte pubbliche e iniziative private, spesso difficili da conciliare.\" \/>\n\t\t<script type=\"application\/ld+json\" class=\"aioseo-schema\">\n\t\t\t{\"@context\":\"https:\\\/\\\/schema.org\",\"@graph\":[{\"@type\":\"BlogPosting\",\"@id\":\"https:\\\/\\\/www.luna-nuova.it\\\/?p=5646#blogposting\",\"name\":\"L\\u2019ESTETICA DEL PAESE - Associazione la LUNA\",\"headline\":\"L&#8217;ESTETICA DEL PAESE\",\"author\":{\"@id\":\"https:\\\/\\\/www.luna-nuova.it\\\/?author=23#author\"},\"publisher\":{\"@id\":\"https:\\\/\\\/www.luna-nuova.it\\\/#organization\"},\"image\":{\"@type\":\"ImageObject\",\"url\":\"https:\\\/\\\/www.luna-nuova.it\\\/wp-content\\\/uploads\\\/2026\\\/09\\\/Palagano-e1788270627487.jpg\",\"width\":600,\"height\":336},\"datePublished\":\"2023-12-20T15:50:00+01:00\",\"dateModified\":\"2026-09-01T15:53:23+02:00\",\"inLanguage\":\"it-IT\",\"mainEntityOfPage\":{\"@id\":\"https:\\\/\\\/www.luna-nuova.it\\\/?p=5646#webpage\"},\"isPartOf\":{\"@id\":\"https:\\\/\\\/www.luna-nuova.it\\\/?p=5646#webpage\"},\"articleSection\":\"Fatti e Misfatti\"},{\"@type\":\"BreadcrumbList\",\"@id\":\"https:\\\/\\\/www.luna-nuova.it\\\/?p=5646#breadcrumblist\",\"itemListElement\":[{\"@type\":\"ListItem\",\"@id\":\"https:\\\/\\\/www.luna-nuova.it#listItem\",\"position\":1,\"name\":\"Home\",\"item\":\"https:\\\/\\\/www.luna-nuova.it\",\"nextItem\":{\"@type\":\"ListItem\",\"@id\":\"https:\\\/\\\/www.luna-nuova.it\\\/?cat=7#listItem\",\"name\":\"Fatti e Misfatti\"}},{\"@type\":\"ListItem\",\"@id\":\"https:\\\/\\\/www.luna-nuova.it\\\/?cat=7#listItem\",\"position\":2,\"name\":\"Fatti e Misfatti\",\"item\":\"https:\\\/\\\/www.luna-nuova.it\\\/?cat=7\",\"nextItem\":{\"@type\":\"ListItem\",\"@id\":\"https:\\\/\\\/www.luna-nuova.it\\\/?p=5646#listItem\",\"name\":\"L&#8217;ESTETICA DEL PAESE\"},\"previousItem\":{\"@type\":\"ListItem\",\"@id\":\"https:\\\/\\\/www.luna-nuova.it#listItem\",\"name\":\"Home\"}},{\"@type\":\"ListItem\",\"@id\":\"https:\\\/\\\/www.luna-nuova.it\\\/?p=5646#listItem\",\"position\":3,\"name\":\"L&#8217;ESTETICA DEL PAESE\",\"previousItem\":{\"@type\":\"ListItem\",\"@id\":\"https:\\\/\\\/www.luna-nuova.it\\\/?cat=7#listItem\",\"name\":\"Fatti e Misfatti\"}}]},{\"@type\":\"Organization\",\"@id\":\"https:\\\/\\\/www.luna-nuova.it\\\/#organization\",\"name\":\"Associazione la LUNA aps\",\"description\":\"Attualit\\u00e0, cultura, tradizioni, solidariet\\u00e0 da Palagano e dintorni.\",\"url\":\"https:\\\/\\\/www.luna-nuova.it\\\/\",\"email\":\"redazione@luna-nuova.it\",\"telephone\":\"+393393959487\",\"logo\":{\"@type\":\"ImageObject\",\"url\":\"https:\\\/\\\/www.luna-nuova.it\\\/wp-content\\\/uploads\\\/2026\\\/08\\\/Logo2013.jpg\",\"@id\":\"https:\\\/\\\/www.luna-nuova.it\\\/?p=5646\\\/#organizationLogo\",\"width\":851,\"height\":491},\"image\":{\"@id\":\"https:\\\/\\\/www.luna-nuova.it\\\/?p=5646\\\/#organizationLogo\"},\"sameAs\":[\"https:\\\/\\\/www.facebook.com\\\/groups\\\/395803209096\",\"https:\\\/\\\/www.instagram.com\\\/associazionelalunanuova\\\/\"]},{\"@type\":\"Person\",\"@id\":\"https:\\\/\\\/www.luna-nuova.it\\\/?author=23#author\",\"url\":\"https:\\\/\\\/www.luna-nuova.it\\\/?author=23\",\"name\":\"Daniele Fratti\",\"image\":{\"@type\":\"ImageObject\",\"@id\":\"https:\\\/\\\/www.luna-nuova.it\\\/?p=5646#authorImage\",\"url\":\"https:\\\/\\\/secure.gravatar.com\\\/avatar\\\/c50410e2dae0398d773872b4c7efd0be58b2488348efb85f8657d80e2ae7a7fc?s=96&d=mm&r=g\",\"width\":96,\"height\":96,\"caption\":\"Daniele Fratti\"}},{\"@type\":\"WebPage\",\"@id\":\"https:\\\/\\\/www.luna-nuova.it\\\/?p=5646#webpage\",\"url\":\"https:\\\/\\\/www.luna-nuova.it\\\/?p=5646\",\"name\":\"L\\u2019ESTETICA DEL PAESE - Associazione la LUNA\",\"description\":\"La bellezza di un centro abitato \\u00e8 plasmata da scelte pubbliche e iniziative private, spesso difficili da conciliare.\",\"inLanguage\":\"it-IT\",\"isPartOf\":{\"@id\":\"https:\\\/\\\/www.luna-nuova.it\\\/#website\"},\"breadcrumb\":{\"@id\":\"https:\\\/\\\/www.luna-nuova.it\\\/?p=5646#breadcrumblist\"},\"author\":{\"@id\":\"https:\\\/\\\/www.luna-nuova.it\\\/?author=23#author\"},\"creator\":{\"@id\":\"https:\\\/\\\/www.luna-nuova.it\\\/?author=23#author\"},\"image\":{\"@type\":\"ImageObject\",\"url\":\"https:\\\/\\\/www.luna-nuova.it\\\/wp-content\\\/uploads\\\/2026\\\/09\\\/Palagano-e1788270627487.jpg\",\"@id\":\"https:\\\/\\\/www.luna-nuova.it\\\/?p=5646\\\/#mainImage\",\"width\":600,\"height\":336},\"primaryImageOfPage\":{\"@id\":\"https:\\\/\\\/www.luna-nuova.it\\\/?p=5646#mainImage\"},\"datePublished\":\"2023-12-20T15:50:00+01:00\",\"dateModified\":\"2026-09-01T15:53:23+02:00\"},{\"@type\":\"WebSite\",\"@id\":\"https:\\\/\\\/www.luna-nuova.it\\\/#website\",\"url\":\"https:\\\/\\\/www.luna-nuova.it\\\/\",\"name\":\"Associazione la LUNA\",\"description\":\"Attualit\\u00e0 - Cultura - Tradizioni - Solidariet\\u00e0\",\"inLanguage\":\"it-IT\",\"publisher\":{\"@id\":\"https:\\\/\\\/www.luna-nuova.it\\\/#organization\"}}]}\n\t\t<\/script>\n\t\t<!-- All in One SEO -->\n\n","aioseo_head_json":{"title":"L\u2019ESTETICA DEL PAESE - Associazione la LUNA","description":"La bellezza di un centro abitato \u00e8 plasmata da scelte pubbliche e iniziative private, spesso difficili da conciliare.","canonical_url":"https:\/\/www.luna-nuova.it\/?p=5646","robots":"max-image-preview:large","keywords":"","webmasterTools":{"miscellaneous":""},"schema":{"@context":"https:\/\/schema.org","@graph":[{"@type":"BlogPosting","@id":"https:\/\/www.luna-nuova.it\/?p=5646#blogposting","name":"L\u2019ESTETICA DEL PAESE - Associazione la LUNA","headline":"L&#8217;ESTETICA DEL PAESE","author":{"@id":"https:\/\/www.luna-nuova.it\/?author=23#author"},"publisher":{"@id":"https:\/\/www.luna-nuova.it\/#organization"},"image":{"@type":"ImageObject","url":"https:\/\/www.luna-nuova.it\/wp-content\/uploads\/2026\/09\/Palagano-e1788270627487.jpg","width":600,"height":336},"datePublished":"2023-12-20T15:50:00+01:00","dateModified":"2026-09-01T15:53:23+02:00","inLanguage":"it-IT","mainEntityOfPage":{"@id":"https:\/\/www.luna-nuova.it\/?p=5646#webpage"},"isPartOf":{"@id":"https:\/\/www.luna-nuova.it\/?p=5646#webpage"},"articleSection":"Fatti e Misfatti"},{"@type":"BreadcrumbList","@id":"https:\/\/www.luna-nuova.it\/?p=5646#breadcrumblist","itemListElement":[{"@type":"ListItem","@id":"https:\/\/www.luna-nuova.it#listItem","position":1,"name":"Home","item":"https:\/\/www.luna-nuova.it","nextItem":{"@type":"ListItem","@id":"https:\/\/www.luna-nuova.it\/?cat=7#listItem","name":"Fatti e Misfatti"}},{"@type":"ListItem","@id":"https:\/\/www.luna-nuova.it\/?cat=7#listItem","position":2,"name":"Fatti e Misfatti","item":"https:\/\/www.luna-nuova.it\/?cat=7","nextItem":{"@type":"ListItem","@id":"https:\/\/www.luna-nuova.it\/?p=5646#listItem","name":"L&#8217;ESTETICA DEL PAESE"},"previousItem":{"@type":"ListItem","@id":"https:\/\/www.luna-nuova.it#listItem","name":"Home"}},{"@type":"ListItem","@id":"https:\/\/www.luna-nuova.it\/?p=5646#listItem","position":3,"name":"L&#8217;ESTETICA DEL PAESE","previousItem":{"@type":"ListItem","@id":"https:\/\/www.luna-nuova.it\/?cat=7#listItem","name":"Fatti e Misfatti"}}]},{"@type":"Organization","@id":"https:\/\/www.luna-nuova.it\/#organization","name":"Associazione la LUNA aps","description":"Attualit\u00e0, cultura, tradizioni, solidariet\u00e0 da Palagano e dintorni.","url":"https:\/\/www.luna-nuova.it\/","email":"redazione@luna-nuova.it","telephone":"+393393959487","logo":{"@type":"ImageObject","url":"https:\/\/www.luna-nuova.it\/wp-content\/uploads\/2026\/08\/Logo2013.jpg","@id":"https:\/\/www.luna-nuova.it\/?p=5646\/#organizationLogo","width":851,"height":491},"image":{"@id":"https:\/\/www.luna-nuova.it\/?p=5646\/#organizationLogo"},"sameAs":["https:\/\/www.facebook.com\/groups\/395803209096","https:\/\/www.instagram.com\/associazionelalunanuova\/"]},{"@type":"Person","@id":"https:\/\/www.luna-nuova.it\/?author=23#author","url":"https:\/\/www.luna-nuova.it\/?author=23","name":"Daniele Fratti","image":{"@type":"ImageObject","@id":"https:\/\/www.luna-nuova.it\/?p=5646#authorImage","url":"https:\/\/secure.gravatar.com\/avatar\/c50410e2dae0398d773872b4c7efd0be58b2488348efb85f8657d80e2ae7a7fc?s=96&d=mm&r=g","width":96,"height":96,"caption":"Daniele Fratti"}},{"@type":"WebPage","@id":"https:\/\/www.luna-nuova.it\/?p=5646#webpage","url":"https:\/\/www.luna-nuova.it\/?p=5646","name":"L\u2019ESTETICA DEL PAESE - Associazione la LUNA","description":"La bellezza di un centro abitato \u00e8 plasmata da scelte pubbliche e iniziative private, spesso difficili da conciliare.","inLanguage":"it-IT","isPartOf":{"@id":"https:\/\/www.luna-nuova.it\/#website"},"breadcrumb":{"@id":"https:\/\/www.luna-nuova.it\/?p=5646#breadcrumblist"},"author":{"@id":"https:\/\/www.luna-nuova.it\/?author=23#author"},"creator":{"@id":"https:\/\/www.luna-nuova.it\/?author=23#author"},"image":{"@type":"ImageObject","url":"https:\/\/www.luna-nuova.it\/wp-content\/uploads\/2026\/09\/Palagano-e1788270627487.jpg","@id":"https:\/\/www.luna-nuova.it\/?p=5646\/#mainImage","width":600,"height":336},"primaryImageOfPage":{"@id":"https:\/\/www.luna-nuova.it\/?p=5646#mainImage"},"datePublished":"2023-12-20T15:50:00+01:00","dateModified":"2026-09-01T15:53:23+02:00"},{"@type":"WebSite","@id":"https:\/\/www.luna-nuova.it\/#website","url":"https:\/\/www.luna-nuova.it\/","name":"Associazione la LUNA","description":"Attualit\u00e0 - Cultura - Tradizioni - Solidariet\u00e0","inLanguage":"it-IT","publisher":{"@id":"https:\/\/www.luna-nuova.it\/#organization"}}]},"og:locale":"it_IT","og:site_name":"Associazione la LUNA - Attualit\u00e0 - Cultura - Tradizioni - Solidariet\u00e0","og:type":"article","og:title":"L\u2019ESTETICA DEL PAESE - Associazione la LUNA","og:description":"La bellezza di un centro abitato \u00e8 plasmata da scelte pubbliche e iniziative private, spesso difficili da conciliare.","og:url":"https:\/\/www.luna-nuova.it\/?p=5646","article:published_time":"2023-12-20T14:50:00+00:00","article:modified_time":"2026-09-01T13:53:23+00:00","article:publisher":"https:\/\/www.facebook.com\/groups\/395803209096","twitter:card":"summary_large_image","twitter:title":"L\u2019ESTETICA DEL PAESE - Associazione la LUNA","twitter:description":"La bellezza di un centro abitato \u00e8 plasmata da scelte pubbliche e iniziative private, spesso difficili da conciliare."},"aioseo_meta_data":{"post_id":"5646","title":null,"description":null,"keywords":null,"keyphrases":{"focus":{"keyphrase":"","score":0,"analysis":{"keyphraseInTitle":{"score":0,"maxScore":9,"error":1}}},"additional":[]},"focus_keyword":null,"additional_keywords":null,"truseo_locale":null,"primary_term":null,"canonical_url":null,"og_title":null,"og_description":null,"og_object_type":"default","og_image_type":"default","og_image_custom_url":null,"og_image_custom_fields":null,"og_image_url":null,"og_image_width":null,"og_image_height":null,"og_video":"","og_custom_url":null,"og_article_section":null,"og_article_tags":null,"twitter_use_og":false,"twitter_card":"default","twitter_image_type":"default","twitter_image_custom_url":null,"twitter_image_custom_fields":null,"twitter_image_url":null,"twitter_title":null,"twitter_description":null,"schema_type":"default","schema_type_options":null,"schema":{"blockGraphs":[],"customGraphs":[],"default":{"data":{"Article":[],"Course":[],"Dataset":[],"FAQPage":[],"Movie":[],"Person":[],"Product":[],"ProductReview":[],"Car":[],"Recipe":[],"Service":[],"SoftwareApplication":[],"WebPage":[]},"graphName":"BlogPosting","isEnabled":true},"graphs":[]},"pillar_content":false,"robots_default":true,"robots_noindex":false,"robots_noarchive":false,"robots_nosnippet":false,"robots_nofollow":false,"robots_noimageindex":false,"robots_noodp":false,"robots_notranslate":false,"robots_max_snippet":"-1","robots_max_videopreview":"-1","robots_max_imagepreview":"large","priority":null,"frequency":"default","local_seo":null,"limit_modified_date":false,"ai":{"faqs":[],"keyPoints":[],"schemas":[],"titles":[],"descriptions":[],"socialPosts":{"email":{"subject":"","preview":"","content":""},"linkedin":[],"twitter":[],"facebook":[],"instagram":[]}},"breadcrumb_settings":null,"seo_analyzer_scan_date":null,"created":"2026-09-01 13:53:15","updated":"2026-09-01 15:08:41"},"aioseo_breadcrumb":"<div class=\"aioseo-breadcrumbs\"><span class=\"aioseo-breadcrumb\">\n\t\t\t<a href=\"https:\/\/www.luna-nuova.it\" title=\"Home\">Home<\/a>\n\t\t<\/span><span class=\"aioseo-breadcrumb-separator\">&raquo;<\/span><span class=\"aioseo-breadcrumb\">\n\t\t\t<a href=\"https:\/\/www.luna-nuova.it\/?cat=7\" title=\"Fatti e Misfatti\">Fatti e Misfatti<\/a>\n\t\t<\/span><span class=\"aioseo-breadcrumb-separator\">&raquo;<\/span><span class=\"aioseo-breadcrumb\">\n\t\t\tL\u2019ESTETICA DEL PAESE\n\t\t<\/span><\/div>","aioseo_breadcrumb_json":[{"label":"Home","link":"https:\/\/www.luna-nuova.it"},{"label":"Fatti e Misfatti","link":"https:\/\/www.luna-nuova.it\/?cat=7"},{"label":"L&#8217;ESTETICA DEL PAESE","link":"https:\/\/www.luna-nuova.it\/?p=5646"}],"acf":[],"_links":{"self":[{"href":"https:\/\/www.luna-nuova.it\/index.php?rest_route=\/wp\/v2\/posts\/5646","targetHints":{"allow":["GET"]}}],"collection":[{"href":"https:\/\/www.luna-nuova.it\/index.php?rest_route=\/wp\/v2\/posts"}],"about":[{"href":"https:\/\/www.luna-nuova.it\/index.php?rest_route=\/wp\/v2\/types\/post"}],"author":[{"embeddable":true,"href":"https:\/\/www.luna-nuova.it\/index.php?rest_route=\/wp\/v2\/users\/23"}],"replies":[{"embeddable":true,"href":"https:\/\/www.luna-nuova.it\/index.php?rest_route=%2Fwp%2Fv2%2Fcomments&post=5646"}],"version-history":[{"count":2,"href":"https:\/\/www.luna-nuova.it\/index.php?rest_route=\/wp\/v2\/posts\/5646\/revisions"}],"predecessor-version":[{"id":5648,"href":"https:\/\/www.luna-nuova.it\/index.php?rest_route=\/wp\/v2\/posts\/5646\/revisions\/5648"}],"wp:featuredmedia":[{"embeddable":true,"href":"https:\/\/www.luna-nuova.it\/index.php?rest_route=\/wp\/v2\/media\/5645"}],"wp:attachment":[{"href":"https:\/\/www.luna-nuova.it\/index.php?rest_route=%2Fwp%2Fv2%2Fmedia&parent=5646"}],"wp:term":[{"taxonomy":"category","embeddable":true,"href":"https:\/\/www.luna-nuova.it\/index.php?rest_route=%2Fwp%2Fv2%2Fcategories&post=5646"},{"taxonomy":"post_tag","embeddable":true,"href":"https:\/\/www.luna-nuova.it\/index.php?rest_route=%2Fwp%2Fv2%2Ftags&post=5646"}],"curies":[{"name":"wp","href":"https:\/\/api.w.org\/{rel}","templated":true}]}}