{"id":5643,"date":"2023-12-20T15:44:00","date_gmt":"2023-12-20T14:44:00","guid":{"rendered":"https:\/\/www.luna-nuova.it\/?p=5643"},"modified":"2026-09-01T15:48:54","modified_gmt":"2026-09-01T13:48:54","slug":"col-passo-a-tempo-di-chi-sa-ballare","status":"publish","type":"post","link":"https:\/\/www.luna-nuova.it\/?p=5643","title":{"rendered":"COL PASSO A TEMPO DI CHI SA BALLARE"},"content":{"rendered":"\n<p class=\"wp-block-paragraph\" style=\"font-size:20px\"><mark style=\"background-color:rgba(0, 0, 0, 0)\" class=\"has-inline-color has-luminous-vivid-orange-color\">La manifestazione svoltasi nel parco comunale di Palagano lo scorso 16 e 17 settembre \u00e8 stata un evento unico nel suo genere in grado di catturare l\u2019attenzione di appassionati di musica o no da ogni angolo di Italia.<\/mark><\/p>\n\n\n\n<p class=\"has-text-align-right wp-block-paragraph\"><strong><a href=\"https:\/\/www.luna-nuova.it\/wp-content\/uploads\/2026\/01\/64dicembre2023-WEB.pdf\" data-type=\"attachment\" data-id=\"493\" target=\"_blank\" rel=\"noreferrer noopener\"><mark style=\"background-color:rgba(0, 0, 0, 0)\" class=\"has-inline-color has-vivid-cyan-blue-color\">La LUNA<\/mark><\/a><\/strong><em><a href=\"https:\/\/www.luna-nuova.it\/wp-content\/uploads\/2026\/01\/64dicembre2023-WEB.pdf\" data-type=\"attachment\" data-id=\"493\" target=\"_blank\" rel=\"noreferrer noopener\"><strong><mark style=\"background-color:rgba(0, 0, 0, 0)\" class=\"has-inline-color has-vivid-cyan-blue-color\"><\/mark><\/strong><em><mark style=\"background-color:rgba(0, 0, 0, 0)\" class=\"has-inline-color has-vivid-cyan-blue-color\"><strong>nuova<\/strong><\/mark><\/em><\/a><\/em><mark style=\"background-color:rgba(0, 0, 0, 0)\" class=\"has-inline-color has-vivid-cyan-blue-color\"><a href=\"https:\/\/www.luna-nuova.it\/wp-content\/uploads\/2026\/01\/64dicembre2023-WEB.pdf\" data-type=\"attachment\" data-id=\"493\" target=\"_blank\" rel=\"noreferrer noopener\">, dicembre 2023<\/a><\/mark><\/p>\n\n\n<ul style=\"--columns: 2;--space: 0px;--min-width: 0px\" class=\"filebird-block-filebird-gallery wp-block-gallery blocks-gallery-grid columns-2 is-cropped wp-block-filebird-block-filebird-gallery\"><li class=\"blocks-gallery-item\"><figure><img decoding=\"async\" width=\"868\" height=\"817\" data-src=\"https:\/\/www.luna-nuova.it\/wp-content\/uploads\/2026\/09\/Col-passo-del-tempo-di-chi-sa-ballare.jpg\" alt=\"Col passo del tempo di chi sa ballare\" class=\"wp-image-5642 lazyload\" data-srcset=\"https:\/\/www.luna-nuova.it\/wp-content\/uploads\/2026\/09\/Col-passo-del-tempo-di-chi-sa-ballare.jpg 868w, https:\/\/www.luna-nuova.it\/wp-content\/uploads\/2026\/09\/Col-passo-del-tempo-di-chi-sa-ballare-300x282.jpg 300w, https:\/\/www.luna-nuova.it\/wp-content\/uploads\/2026\/09\/Col-passo-del-tempo-di-chi-sa-ballare-768x723.jpg 768w\" data-sizes=\"(max-width: 868px) 100vw, 868px\" src=\"data:image\/svg+xml;base64,PHN2ZyB3aWR0aD0iMSIgaGVpZ2h0PSIxIiB4bWxucz0iaHR0cDovL3d3dy53My5vcmcvMjAwMC9zdmciPjwvc3ZnPg==\" style=\"--smush-placeholder-width: 868px; --smush-placeholder-aspect-ratio: 868\/817;\" \/><\/figure><\/li><li class=\"blocks-gallery-item\"><figure><img decoding=\"async\" width=\"853\" height=\"783\" data-src=\"https:\/\/www.luna-nuova.it\/wp-content\/uploads\/2026\/09\/Col-passo-del-tempo-di-chi-sa-ballare-2.jpg\" alt=\"Col passo del tempo di chi sa ballare.\" class=\"wp-image-5641 lazyload\" data-srcset=\"https:\/\/www.luna-nuova.it\/wp-content\/uploads\/2026\/09\/Col-passo-del-tempo-di-chi-sa-ballare-2.jpg 853w, https:\/\/www.luna-nuova.it\/wp-content\/uploads\/2026\/09\/Col-passo-del-tempo-di-chi-sa-ballare-2-300x275.jpg 300w, https:\/\/www.luna-nuova.it\/wp-content\/uploads\/2026\/09\/Col-passo-del-tempo-di-chi-sa-ballare-2-768x705.jpg 768w\" data-sizes=\"(max-width: 853px) 100vw, 853px\" src=\"data:image\/svg+xml;base64,PHN2ZyB3aWR0aD0iMSIgaGVpZ2h0PSIxIiB4bWxucz0iaHR0cDovL3d3dy53My5vcmcvMjAwMC9zdmciPjwvc3ZnPg==\" style=\"--smush-placeholder-width: 853px; --smush-placeholder-aspect-ratio: 853\/783;\" \/><figcaption class=\"blocks-gallery-item__caption\">Parco comunale di Palagano.<\/figcaption><\/figure><\/li><\/ul>\n\n\n<p class=\"has-text-align-right wp-block-paragraph\"><em>(La Mandragola, Niccol\u00f2 Machiavelli)<\/em><\/p>\n\n\n\n<div style=\"height:34px\" aria-hidden=\"true\" class=\"wp-block-spacer\"><\/div>\n\n\n\n<p class=\"has-text-align-left wp-block-paragraph\" style=\"font-size:20px\"><strong>Giovanni Braglia<\/strong><\/p>\n\n\n\n<p class=\"has-text-align-left wp-block-paragraph\" style=\"font-size:20px\"><br>\u201cCol Passo A Tempo di Chi Sa Ballare\u201d, promosso dall\u2019omonima associazione, era alla sua seconda edizione dal vivo e, come lo scorso anno, gli organizzatori hanno dovuto far fronte ad una serie di imprevisti fantozziani (tra i pi\u00f9 eclatanti i due rinvii causati dal maltempo e la defezione dell\u2019ultima ora di una delle band di punta).<br>Grazie alla grande forza di volont\u00e0 dei promotori e alla disponibilit da parte del Comune di Palagano nel far fronte all\u2019ennesimo cambio di location, l\u2019evento ha potuto svolgersi in totale sicurezza e soprattutto \u00e8 stato in grado di regalare emozioni che i fortunati partecipanti difficilmente dimenticheran-no. L\u2019obiettivo di questo festival \u00e8 chiaramente quello di far confluire in una situazione rivolta in larga parte alle generazioni pi\u00f9 giovani la parte musicale, in grado di attrarre il maggior numero di persone, ad una parte pi\u00f9 culturale ed educativa incentrata sulla storia recente della gente e dei territori della montagna.<br>La parte del lavoro che pi\u00f9 ha spronato gli organizzatori ad andare avanti con rinnovato entusiasmo \u00e8 proprio quest\u2019ultima, che \u00e8 sicuramente la pi\u00f9 complicata: creare attrattiva che non sia necessariamente legata ad eventi sporadici e che rischia di essere quasi nociva se autoconclusiva con l\u2019evento stesso. La visione dell\u2019associazione \u00e8 a lungo termine, per questo alla riunione dei soci che si terr\u00e0 a breve (sono circa un centinaio e si spera di crescere ancora nel 2024!) si parler\u00e0 di percorsi scolastici e di altri eventi culturali continuativi per gettare solide fondamenta che possano far crescere il territorio nel tempo.<br>Per creare attrattiva la ricetta dell\u2019associazione \u201cCol Passo A Tempo\u201d \u00e8 quella di coinvolgere e far appassionare quante pi\u00f9 persone possibili al loro progetto. Proprio per questo il primo pilastro dell\u2019evento \u00e8 stato individuato ancora una volta nei gruppi locali (band o singoli artisti) che fin dalle prime dirette streaming hanno creduto nella bont\u00e0 della proposta e quest\u2019anno hanno avuto la grande occasione di esibirsi e di ricevere i pi\u00f9 sinceri complimenti da mostri sacri della musica italiana quali Modena City Ramblers, Punkreas e Paolo Benvegn\u00f9.<br>Il secondo e non meno importante \u00e8 rappresentato dalle associazioni del territorio: scorgere i sorrisi affaticati, ma sinceri dei presidenti delle associazioni del territorio al termine della due giorni \u00e8 stata per gli organizzatori una delle soddisfazioni pi\u00f9 grandi. <\/p>\n\n\n\n<p class=\"has-text-align-left wp-block-paragraph\" style=\"font-size:20px\">La location ha fatto il resto: per ragioni di sicurezza l\u2019evento si \u00e8 svolto interamente sotto il bellissimo \u201cPalamatti\u201d, con i numerosi stand a riempire il campetto di pallavolo. All\u2019interno del parco l\u2019associazione Stella Tricolore aveva allestito il campo didattico e il Nuovo Cinema Excelsior ha visto le proiezioni dei film delle registe ospitate la domenica.<br>Il paese era vivo e bellissimo: per il centro si aggiravano facce mai viste agli occhi sorpresi dei nostri compaesani e le magliette con su scritto \u201cse hai paura stai in pianura\u201d coloravano via XXIII Dicembre. <\/p>\n\n\n\n<p class=\"has-text-align-left wp-block-paragraph\" style=\"font-size:20px\">Al termine del fine settimana, mentre gli ultimi accordi risuonavano nell&#8217;aria, gli spettatori hanno lasciato il parco di Palagano con il cuore pieno di emozioni.<br>&#8220;Col Passo A Tempo di Chi Sa Ballare&#8221; ha onorato la musica, la storia e la natura, dimostrando che queste forze possono confluire in un&#8217;esperienza straordinaria.<br>Gli organizzatori, gli artisti e il pubblico hanno unito le loro voci e i loro cuori per creare un evento che rimarr\u00e0 nella memoria di tutti. E mentre il sole tramontava sulle dolci montagne palaganesi, l&#8217;energia e la passione di questo festival hanno continuato a risplendere nel cuore di chi ha partecipato.<br>&#8220;Col Passo A Tempo di Chi Sa Ballare&#8221; \u00e8 stato un evento che ha dimostrato che quando la musica, la natura e la comunit\u00e0 si fondono, il risultato \u00e8 un&#8217;esperienza magica e indimenticabile.<\/p>\n\n\n\n<p class=\"wp-block-paragraph\" style=\"font-size:20px\"><\/p>\n\n\n\n<p class=\"wp-block-paragraph\"><\/p>\n","protected":false},"excerpt":{"rendered":"<p>La manifestazione svoltasi nel parco comunale di Palagano lo scorso 16 e 17 settembre \u00e8 stata un evento unico nel suo genere in grado di catturare l\u2019attenzione di appassionati di musica o no da ogni angolo di Italia.<\/p>\n","protected":false},"author":43,"featured_media":5642,"comment_status":"open","ping_status":"open","sticky":false,"template":"","format":"standard","meta":{"_acf_changed":false,"footnotes":""},"categories":[7],"tags":[],"class_list":["post-5643","post","type-post","status-publish","format-standard","has-post-thumbnail","hentry","category-fatti-e-misfatti"],"aioseo_notices":[],"aioseo_head":"\n\t\t<!-- All in One SEO 5.0.1.1 - aioseo.com -->\n\t<meta name=\"description\" content=\"La manifestazione svoltasi nel parco comunale di Palagano lo scorso 16 e 17 settembre \u00e8 stata un evento unico nel suo genere in grado di catturare l\u2019attenzione di appassionati di musica o no da ogni angolo di Italia.\" \/>\n\t<meta name=\"robots\" content=\"max-image-preview:large\" \/>\n\t<meta name=\"author\" content=\"Giovanni Braglia\"\/>\n\t<link rel=\"canonical\" href=\"https:\/\/www.luna-nuova.it\/?p=5643\" \/>\n\t<meta name=\"generator\" content=\"All in One SEO (AIOSEO) 5.0.1.1\" \/>\n\t\t<meta property=\"og:locale\" content=\"it_IT\" \/>\n\t\t<meta property=\"og:site_name\" content=\"Associazione la LUNA - Attualit\u00e0 - Cultura - Tradizioni - Solidariet\u00e0\" \/>\n\t\t<meta property=\"og:type\" content=\"article\" \/>\n\t\t<meta property=\"og:title\" content=\"COL PASSO A TEMPO DI CHI SA BALLARE - Associazione la LUNA\" \/>\n\t\t<meta property=\"og:description\" content=\"La manifestazione svoltasi nel parco comunale di Palagano lo scorso 16 e 17 settembre \u00e8 stata un evento unico nel suo genere in grado di catturare l\u2019attenzione di appassionati di musica o no da ogni angolo di Italia.\" \/>\n\t\t<meta property=\"og:url\" content=\"https:\/\/www.luna-nuova.it\/?p=5643\" \/>\n\t\t<meta property=\"article:published_time\" content=\"2023-12-20T14:44:00+00:00\" \/>\n\t\t<meta property=\"article:modified_time\" content=\"2026-09-01T13:48:54+00:00\" \/>\n\t\t<meta property=\"article:publisher\" content=\"https:\/\/www.facebook.com\/groups\/395803209096\" \/>\n\t\t<meta name=\"twitter:card\" content=\"summary_large_image\" \/>\n\t\t<meta name=\"twitter:title\" content=\"COL PASSO A TEMPO DI CHI SA BALLARE - Associazione la LUNA\" \/>\n\t\t<meta name=\"twitter:description\" content=\"La manifestazione svoltasi nel parco comunale di Palagano lo scorso 16 e 17 settembre \u00e8 stata un evento unico nel suo genere in grado di catturare l\u2019attenzione di appassionati di musica o no da ogni angolo di Italia.\" \/>\n\t\t<script type=\"application\/ld+json\" class=\"aioseo-schema\">\n\t\t\t{\"@context\":\"https:\\\/\\\/schema.org\",\"@graph\":[{\"@type\":\"BlogPosting\",\"@id\":\"https:\\\/\\\/www.luna-nuova.it\\\/?p=5643#blogposting\",\"name\":\"COL PASSO A TEMPO DI CHI SA BALLARE - Associazione la LUNA\",\"headline\":\"COL PASSO A TEMPO DI CHI SA BALLARE\",\"author\":{\"@id\":\"https:\\\/\\\/www.luna-nuova.it\\\/?author=43#author\"},\"publisher\":{\"@id\":\"https:\\\/\\\/www.luna-nuova.it\\\/#organization\"},\"image\":{\"@type\":\"ImageObject\",\"url\":\"https:\\\/\\\/www.luna-nuova.it\\\/wp-content\\\/uploads\\\/2026\\\/09\\\/Col-passo-del-tempo-di-chi-sa-ballare.jpg\",\"width\":868,\"height\":817},\"datePublished\":\"2023-12-20T15:44:00+01:00\",\"dateModified\":\"2026-09-01T15:48:54+02:00\",\"inLanguage\":\"it-IT\",\"mainEntityOfPage\":{\"@id\":\"https:\\\/\\\/www.luna-nuova.it\\\/?p=5643#webpage\"},\"isPartOf\":{\"@id\":\"https:\\\/\\\/www.luna-nuova.it\\\/?p=5643#webpage\"},\"articleSection\":\"Fatti e Misfatti\"},{\"@type\":\"BreadcrumbList\",\"@id\":\"https:\\\/\\\/www.luna-nuova.it\\\/?p=5643#breadcrumblist\",\"itemListElement\":[{\"@type\":\"ListItem\",\"@id\":\"https:\\\/\\\/www.luna-nuova.it#listItem\",\"position\":1,\"name\":\"Home\",\"item\":\"https:\\\/\\\/www.luna-nuova.it\",\"nextItem\":{\"@type\":\"ListItem\",\"@id\":\"https:\\\/\\\/www.luna-nuova.it\\\/?cat=7#listItem\",\"name\":\"Fatti e Misfatti\"}},{\"@type\":\"ListItem\",\"@id\":\"https:\\\/\\\/www.luna-nuova.it\\\/?cat=7#listItem\",\"position\":2,\"name\":\"Fatti e Misfatti\",\"item\":\"https:\\\/\\\/www.luna-nuova.it\\\/?cat=7\",\"nextItem\":{\"@type\":\"ListItem\",\"@id\":\"https:\\\/\\\/www.luna-nuova.it\\\/?p=5643#listItem\",\"name\":\"COL PASSO A TEMPO DI CHI SA BALLARE\"},\"previousItem\":{\"@type\":\"ListItem\",\"@id\":\"https:\\\/\\\/www.luna-nuova.it#listItem\",\"name\":\"Home\"}},{\"@type\":\"ListItem\",\"@id\":\"https:\\\/\\\/www.luna-nuova.it\\\/?p=5643#listItem\",\"position\":3,\"name\":\"COL PASSO A TEMPO DI CHI SA BALLARE\",\"previousItem\":{\"@type\":\"ListItem\",\"@id\":\"https:\\\/\\\/www.luna-nuova.it\\\/?cat=7#listItem\",\"name\":\"Fatti e Misfatti\"}}]},{\"@type\":\"Organization\",\"@id\":\"https:\\\/\\\/www.luna-nuova.it\\\/#organization\",\"name\":\"Associazione la LUNA aps\",\"description\":\"Attualit\\u00e0, cultura, tradizioni, solidariet\\u00e0 da Palagano e dintorni.\",\"url\":\"https:\\\/\\\/www.luna-nuova.it\\\/\",\"email\":\"redazione@luna-nuova.it\",\"telephone\":\"+393393959487\",\"logo\":{\"@type\":\"ImageObject\",\"url\":\"https:\\\/\\\/www.luna-nuova.it\\\/wp-content\\\/uploads\\\/2026\\\/08\\\/Logo2013.jpg\",\"@id\":\"https:\\\/\\\/www.luna-nuova.it\\\/?p=5643\\\/#organizationLogo\",\"width\":851,\"height\":491},\"image\":{\"@id\":\"https:\\\/\\\/www.luna-nuova.it\\\/?p=5643\\\/#organizationLogo\"},\"sameAs\":[\"https:\\\/\\\/www.facebook.com\\\/groups\\\/395803209096\",\"https:\\\/\\\/www.instagram.com\\\/associazionelalunanuova\\\/\"]},{\"@type\":\"Person\",\"@id\":\"https:\\\/\\\/www.luna-nuova.it\\\/?author=43#author\",\"url\":\"https:\\\/\\\/www.luna-nuova.it\\\/?author=43\",\"name\":\"Giovanni Braglia\",\"image\":{\"@type\":\"ImageObject\",\"@id\":\"https:\\\/\\\/www.luna-nuova.it\\\/?p=5643#authorImage\",\"url\":\"https:\\\/\\\/secure.gravatar.com\\\/avatar\\\/d9dcde0a7c20c06ba707069a2527302d070e97c01506ea60b033db556d8da694?s=96&d=mm&r=g\",\"width\":96,\"height\":96,\"caption\":\"Giovanni Braglia\"}},{\"@type\":\"WebPage\",\"@id\":\"https:\\\/\\\/www.luna-nuova.it\\\/?p=5643#webpage\",\"url\":\"https:\\\/\\\/www.luna-nuova.it\\\/?p=5643\",\"name\":\"COL PASSO A TEMPO DI CHI SA BALLARE - Associazione la LUNA\",\"description\":\"La manifestazione svoltasi nel parco comunale di Palagano lo scorso 16 e 17 settembre \\u00e8 stata un evento unico nel suo genere in grado di catturare l\\u2019attenzione di appassionati di musica o no da ogni angolo di Italia.\",\"inLanguage\":\"it-IT\",\"isPartOf\":{\"@id\":\"https:\\\/\\\/www.luna-nuova.it\\\/#website\"},\"breadcrumb\":{\"@id\":\"https:\\\/\\\/www.luna-nuova.it\\\/?p=5643#breadcrumblist\"},\"author\":{\"@id\":\"https:\\\/\\\/www.luna-nuova.it\\\/?author=43#author\"},\"creator\":{\"@id\":\"https:\\\/\\\/www.luna-nuova.it\\\/?author=43#author\"},\"image\":{\"@type\":\"ImageObject\",\"url\":\"https:\\\/\\\/www.luna-nuova.it\\\/wp-content\\\/uploads\\\/2026\\\/09\\\/Col-passo-del-tempo-di-chi-sa-ballare.jpg\",\"@id\":\"https:\\\/\\\/www.luna-nuova.it\\\/?p=5643\\\/#mainImage\",\"width\":868,\"height\":817},\"primaryImageOfPage\":{\"@id\":\"https:\\\/\\\/www.luna-nuova.it\\\/?p=5643#mainImage\"},\"datePublished\":\"2023-12-20T15:44:00+01:00\",\"dateModified\":\"2026-09-01T15:48:54+02:00\"},{\"@type\":\"WebSite\",\"@id\":\"https:\\\/\\\/www.luna-nuova.it\\\/#website\",\"url\":\"https:\\\/\\\/www.luna-nuova.it\\\/\",\"name\":\"Associazione la LUNA\",\"description\":\"Attualit\\u00e0 - Cultura - Tradizioni - Solidariet\\u00e0\",\"inLanguage\":\"it-IT\",\"publisher\":{\"@id\":\"https:\\\/\\\/www.luna-nuova.it\\\/#organization\"}}]}\n\t\t<\/script>\n\t\t<!-- All in One SEO -->\n\n","aioseo_head_json":{"title":"COL PASSO A TEMPO DI CHI SA BALLARE - Associazione la LUNA","description":"La manifestazione svoltasi nel parco comunale di Palagano lo scorso 16 e 17 settembre \u00e8 stata un evento unico nel suo genere in grado di catturare l\u2019attenzione di appassionati di musica o no da ogni angolo di Italia.","canonical_url":"https:\/\/www.luna-nuova.it\/?p=5643","robots":"max-image-preview:large","keywords":"","webmasterTools":{"miscellaneous":""},"schema":{"@context":"https:\/\/schema.org","@graph":[{"@type":"BlogPosting","@id":"https:\/\/www.luna-nuova.it\/?p=5643#blogposting","name":"COL PASSO A TEMPO DI CHI SA BALLARE - Associazione la LUNA","headline":"COL PASSO A TEMPO DI CHI SA BALLARE","author":{"@id":"https:\/\/www.luna-nuova.it\/?author=43#author"},"publisher":{"@id":"https:\/\/www.luna-nuova.it\/#organization"},"image":{"@type":"ImageObject","url":"https:\/\/www.luna-nuova.it\/wp-content\/uploads\/2026\/09\/Col-passo-del-tempo-di-chi-sa-ballare.jpg","width":868,"height":817},"datePublished":"2023-12-20T15:44:00+01:00","dateModified":"2026-09-01T15:48:54+02:00","inLanguage":"it-IT","mainEntityOfPage":{"@id":"https:\/\/www.luna-nuova.it\/?p=5643#webpage"},"isPartOf":{"@id":"https:\/\/www.luna-nuova.it\/?p=5643#webpage"},"articleSection":"Fatti e Misfatti"},{"@type":"BreadcrumbList","@id":"https:\/\/www.luna-nuova.it\/?p=5643#breadcrumblist","itemListElement":[{"@type":"ListItem","@id":"https:\/\/www.luna-nuova.it#listItem","position":1,"name":"Home","item":"https:\/\/www.luna-nuova.it","nextItem":{"@type":"ListItem","@id":"https:\/\/www.luna-nuova.it\/?cat=7#listItem","name":"Fatti e Misfatti"}},{"@type":"ListItem","@id":"https:\/\/www.luna-nuova.it\/?cat=7#listItem","position":2,"name":"Fatti e Misfatti","item":"https:\/\/www.luna-nuova.it\/?cat=7","nextItem":{"@type":"ListItem","@id":"https:\/\/www.luna-nuova.it\/?p=5643#listItem","name":"COL PASSO A TEMPO DI CHI SA BALLARE"},"previousItem":{"@type":"ListItem","@id":"https:\/\/www.luna-nuova.it#listItem","name":"Home"}},{"@type":"ListItem","@id":"https:\/\/www.luna-nuova.it\/?p=5643#listItem","position":3,"name":"COL PASSO A TEMPO DI CHI SA BALLARE","previousItem":{"@type":"ListItem","@id":"https:\/\/www.luna-nuova.it\/?cat=7#listItem","name":"Fatti e Misfatti"}}]},{"@type":"Organization","@id":"https:\/\/www.luna-nuova.it\/#organization","name":"Associazione la LUNA aps","description":"Attualit\u00e0, cultura, tradizioni, solidariet\u00e0 da Palagano e dintorni.","url":"https:\/\/www.luna-nuova.it\/","email":"redazione@luna-nuova.it","telephone":"+393393959487","logo":{"@type":"ImageObject","url":"https:\/\/www.luna-nuova.it\/wp-content\/uploads\/2026\/08\/Logo2013.jpg","@id":"https:\/\/www.luna-nuova.it\/?p=5643\/#organizationLogo","width":851,"height":491},"image":{"@id":"https:\/\/www.luna-nuova.it\/?p=5643\/#organizationLogo"},"sameAs":["https:\/\/www.facebook.com\/groups\/395803209096","https:\/\/www.instagram.com\/associazionelalunanuova\/"]},{"@type":"Person","@id":"https:\/\/www.luna-nuova.it\/?author=43#author","url":"https:\/\/www.luna-nuova.it\/?author=43","name":"Giovanni Braglia","image":{"@type":"ImageObject","@id":"https:\/\/www.luna-nuova.it\/?p=5643#authorImage","url":"https:\/\/secure.gravatar.com\/avatar\/d9dcde0a7c20c06ba707069a2527302d070e97c01506ea60b033db556d8da694?s=96&d=mm&r=g","width":96,"height":96,"caption":"Giovanni Braglia"}},{"@type":"WebPage","@id":"https:\/\/www.luna-nuova.it\/?p=5643#webpage","url":"https:\/\/www.luna-nuova.it\/?p=5643","name":"COL PASSO A TEMPO DI CHI SA BALLARE - Associazione la LUNA","description":"La manifestazione svoltasi nel parco comunale di Palagano lo scorso 16 e 17 settembre \u00e8 stata un evento unico nel suo genere in grado di catturare l\u2019attenzione di appassionati di musica o no da ogni angolo di Italia.","inLanguage":"it-IT","isPartOf":{"@id":"https:\/\/www.luna-nuova.it\/#website"},"breadcrumb":{"@id":"https:\/\/www.luna-nuova.it\/?p=5643#breadcrumblist"},"author":{"@id":"https:\/\/www.luna-nuova.it\/?author=43#author"},"creator":{"@id":"https:\/\/www.luna-nuova.it\/?author=43#author"},"image":{"@type":"ImageObject","url":"https:\/\/www.luna-nuova.it\/wp-content\/uploads\/2026\/09\/Col-passo-del-tempo-di-chi-sa-ballare.jpg","@id":"https:\/\/www.luna-nuova.it\/?p=5643\/#mainImage","width":868,"height":817},"primaryImageOfPage":{"@id":"https:\/\/www.luna-nuova.it\/?p=5643#mainImage"},"datePublished":"2023-12-20T15:44:00+01:00","dateModified":"2026-09-01T15:48:54+02:00"},{"@type":"WebSite","@id":"https:\/\/www.luna-nuova.it\/#website","url":"https:\/\/www.luna-nuova.it\/","name":"Associazione la LUNA","description":"Attualit\u00e0 - Cultura - Tradizioni - Solidariet\u00e0","inLanguage":"it-IT","publisher":{"@id":"https:\/\/www.luna-nuova.it\/#organization"}}]},"og:locale":"it_IT","og:site_name":"Associazione la LUNA - Attualit\u00e0 - Cultura - Tradizioni - Solidariet\u00e0","og:type":"article","og:title":"COL PASSO A TEMPO DI CHI SA BALLARE - Associazione la LUNA","og:description":"La manifestazione svoltasi nel parco comunale di Palagano lo scorso 16 e 17 settembre \u00e8 stata un evento unico nel suo genere in grado di catturare l\u2019attenzione di appassionati di musica o no da ogni angolo di Italia.","og:url":"https:\/\/www.luna-nuova.it\/?p=5643","article:published_time":"2023-12-20T14:44:00+00:00","article:modified_time":"2026-09-01T13:48:54+00:00","article:publisher":"https:\/\/www.facebook.com\/groups\/395803209096","twitter:card":"summary_large_image","twitter:title":"COL PASSO A TEMPO DI CHI SA BALLARE - Associazione la LUNA","twitter:description":"La manifestazione svoltasi nel parco comunale di Palagano lo scorso 16 e 17 settembre \u00e8 stata un evento unico nel suo genere in grado di catturare l\u2019attenzione di appassionati di musica o no da ogni angolo di Italia."},"aioseo_meta_data":{"post_id":"5643","title":null,"description":null,"keywords":null,"keyphrases":{"focus":{"keyphrase":"","score":0,"analysis":{"keyphraseInTitle":{"score":0,"maxScore":9,"error":1}}},"additional":[]},"focus_keyword":null,"additional_keywords":null,"truseo_locale":null,"primary_term":null,"canonical_url":null,"og_title":null,"og_description":null,"og_object_type":"default","og_image_type":"default","og_image_custom_url":null,"og_image_custom_fields":null,"og_image_url":null,"og_image_width":null,"og_image_height":null,"og_video":"","og_custom_url":null,"og_article_section":null,"og_article_tags":null,"twitter_use_og":false,"twitter_card":"default","twitter_image_type":"default","twitter_image_custom_url":null,"twitter_image_custom_fields":null,"twitter_image_url":null,"twitter_title":null,"twitter_description":null,"schema_type":"default","schema_type_options":null,"schema":{"blockGraphs":[],"customGraphs":[],"default":{"data":{"Article":[],"Course":[],"Dataset":[],"FAQPage":[],"Movie":[],"Person":[],"Product":[],"ProductReview":[],"Car":[],"Recipe":[],"Service":[],"SoftwareApplication":[],"WebPage":[]},"graphName":"BlogPosting","isEnabled":true},"graphs":[]},"pillar_content":false,"robots_default":true,"robots_noindex":false,"robots_noarchive":false,"robots_nosnippet":false,"robots_nofollow":false,"robots_noimageindex":false,"robots_noodp":false,"robots_notranslate":false,"robots_max_snippet":"-1","robots_max_videopreview":"-1","robots_max_imagepreview":"large","priority":null,"frequency":"default","local_seo":null,"limit_modified_date":false,"ai":{"faqs":[],"keyPoints":[],"schemas":[],"titles":[],"descriptions":[],"socialPosts":{"email":{"subject":"","preview":"","content":""},"linkedin":[],"twitter":[],"facebook":[],"instagram":[]}},"breadcrumb_settings":null,"seo_analyzer_scan_date":null,"created":"2026-09-01 13:44:48","updated":"2026-09-01 15:08:41"},"aioseo_breadcrumb":"<div class=\"aioseo-breadcrumbs\"><span class=\"aioseo-breadcrumb\">\n\t\t\t<a href=\"https:\/\/www.luna-nuova.it\" title=\"Home\">Home<\/a>\n\t\t<\/span><span class=\"aioseo-breadcrumb-separator\">&raquo;<\/span><span class=\"aioseo-breadcrumb\">\n\t\t\t<a href=\"https:\/\/www.luna-nuova.it\/?cat=7\" title=\"Fatti e Misfatti\">Fatti e Misfatti<\/a>\n\t\t<\/span><span class=\"aioseo-breadcrumb-separator\">&raquo;<\/span><span class=\"aioseo-breadcrumb\">\n\t\t\tCOL PASSO A TEMPO DI CHI SA BALLARE\n\t\t<\/span><\/div>","aioseo_breadcrumb_json":[{"label":"Home","link":"https:\/\/www.luna-nuova.it"},{"label":"Fatti e Misfatti","link":"https:\/\/www.luna-nuova.it\/?cat=7"},{"label":"COL PASSO A TEMPO DI CHI SA BALLARE","link":"https:\/\/www.luna-nuova.it\/?p=5643"}],"acf":[],"_links":{"self":[{"href":"https:\/\/www.luna-nuova.it\/index.php?rest_route=\/wp\/v2\/posts\/5643","targetHints":{"allow":["GET"]}}],"collection":[{"href":"https:\/\/www.luna-nuova.it\/index.php?rest_route=\/wp\/v2\/posts"}],"about":[{"href":"https:\/\/www.luna-nuova.it\/index.php?rest_route=\/wp\/v2\/types\/post"}],"author":[{"embeddable":true,"href":"https:\/\/www.luna-nuova.it\/index.php?rest_route=\/wp\/v2\/users\/43"}],"replies":[{"embeddable":true,"href":"https:\/\/www.luna-nuova.it\/index.php?rest_route=%2Fwp%2Fv2%2Fcomments&post=5643"}],"version-history":[{"count":1,"href":"https:\/\/www.luna-nuova.it\/index.php?rest_route=\/wp\/v2\/posts\/5643\/revisions"}],"predecessor-version":[{"id":5644,"href":"https:\/\/www.luna-nuova.it\/index.php?rest_route=\/wp\/v2\/posts\/5643\/revisions\/5644"}],"wp:featuredmedia":[{"embeddable":true,"href":"https:\/\/www.luna-nuova.it\/index.php?rest_route=\/wp\/v2\/media\/5642"}],"wp:attachment":[{"href":"https:\/\/www.luna-nuova.it\/index.php?rest_route=%2Fwp%2Fv2%2Fmedia&parent=5643"}],"wp:term":[{"taxonomy":"category","embeddable":true,"href":"https:\/\/www.luna-nuova.it\/index.php?rest_route=%2Fwp%2Fv2%2Fcategories&post=5643"},{"taxonomy":"post_tag","embeddable":true,"href":"https:\/\/www.luna-nuova.it\/index.php?rest_route=%2Fwp%2Fv2%2Ftags&post=5643"}],"curies":[{"name":"wp","href":"https:\/\/api.w.org\/{rel}","templated":true}]}}