{"id":5639,"date":"2023-12-20T12:11:00","date_gmt":"2023-12-20T11:11:00","guid":{"rendered":"https:\/\/www.luna-nuova.it\/?p=5639"},"modified":"2026-09-01T12:16:20","modified_gmt":"2026-09-01T10:16:20","slug":"ramingo","status":"publish","type":"post","link":"https:\/\/www.luna-nuova.it\/?p=5639","title":{"rendered":"RAMINGO"},"content":{"rendered":"\n<p class=\"wp-block-paragraph\" style=\"font-size:20px\"><mark style=\"background-color:rgba(0, 0, 0, 0)\" class=\"has-inline-color has-luminous-vivid-orange-color\">Un\u2019associazione tra la Val Dragone e il West.<\/mark><\/p>\n\n\n\n<p class=\"has-text-align-right wp-block-paragraph\"><strong><a href=\"https:\/\/www.luna-nuova.it\/wp-content\/uploads\/2026\/01\/64dicembre2023-WEB.pdf\" data-type=\"attachment\" data-id=\"493\" target=\"_blank\" rel=\"noreferrer noopener\"><mark style=\"background-color:rgba(0, 0, 0, 0)\" class=\"has-inline-color has-vivid-cyan-blue-color\">La LUNA<\/mark><\/a><\/strong><em><a href=\"https:\/\/www.luna-nuova.it\/wp-content\/uploads\/2026\/01\/64dicembre2023-WEB.pdf\" data-type=\"attachment\" data-id=\"493\" target=\"_blank\" rel=\"noreferrer noopener\"><strong><mark style=\"background-color:rgba(0, 0, 0, 0)\" class=\"has-inline-color has-vivid-cyan-blue-color\"><\/mark><\/strong><em><mark style=\"background-color:rgba(0, 0, 0, 0)\" class=\"has-inline-color has-vivid-cyan-blue-color\"><strong>nuova<\/strong><\/mark><\/em><\/a><\/em><mark style=\"background-color:rgba(0, 0, 0, 0)\" class=\"has-inline-color has-vivid-cyan-blue-color\"><a href=\"https:\/\/www.luna-nuova.it\/wp-content\/uploads\/2026\/01\/64dicembre2023-WEB.pdf\" data-type=\"attachment\" data-id=\"493\" target=\"_blank\" rel=\"noreferrer noopener\">, dicembre 2023<\/a><\/mark><\/p>\n\n\n<ul style=\"--columns: 2;--space: 0px;--min-width: 0px\" class=\"filebird-block-filebird-gallery wp-block-gallery blocks-gallery-grid columns-2 is-cropped wp-block-filebird-block-filebird-gallery\"><li class=\"blocks-gallery-item\"><figure><img decoding=\"async\" width=\"1352\" height=\"913\" data-src=\"https:\/\/www.luna-nuova.it\/wp-content\/uploads\/2026\/09\/Ramingo.jpg\" alt=\"Radio Ramingo\" class=\"wp-image-5638 lazyload\" data-srcset=\"https:\/\/www.luna-nuova.it\/wp-content\/uploads\/2026\/09\/Ramingo.jpg 1352w, https:\/\/www.luna-nuova.it\/wp-content\/uploads\/2026\/09\/Ramingo-300x203.jpg 300w, https:\/\/www.luna-nuova.it\/wp-content\/uploads\/2026\/09\/Ramingo-1024x692.jpg 1024w, https:\/\/www.luna-nuova.it\/wp-content\/uploads\/2026\/09\/Ramingo-768x519.jpg 768w, https:\/\/www.luna-nuova.it\/wp-content\/uploads\/2026\/09\/Ramingo-150x100.jpg 150w\" data-sizes=\"(max-width: 1352px) 100vw, 1352px\" src=\"data:image\/svg+xml;base64,PHN2ZyB3aWR0aD0iMSIgaGVpZ2h0PSIxIiB4bWxucz0iaHR0cDovL3d3dy53My5vcmcvMjAwMC9zdmciPjwvc3ZnPg==\" style=\"--smush-placeholder-width: 1352px; --smush-placeholder-aspect-ratio: 1352\/913;\" \/><\/figure><\/li><li class=\"blocks-gallery-item\"><figure><img decoding=\"async\" width=\"1600\" height=\"1200\" data-src=\"https:\/\/www.luna-nuova.it\/wp-content\/uploads\/2026\/09\/Radio-Ramingo.jpg\" alt=\"Radio Ramingo\" class=\"wp-image-5637 lazyload\" data-srcset=\"https:\/\/www.luna-nuova.it\/wp-content\/uploads\/2026\/09\/Radio-Ramingo.jpg 1600w, https:\/\/www.luna-nuova.it\/wp-content\/uploads\/2026\/09\/Radio-Ramingo-300x225.jpg 300w, https:\/\/www.luna-nuova.it\/wp-content\/uploads\/2026\/09\/Radio-Ramingo-1024x768.jpg 1024w, https:\/\/www.luna-nuova.it\/wp-content\/uploads\/2026\/09\/Radio-Ramingo-768x576.jpg 768w, https:\/\/www.luna-nuova.it\/wp-content\/uploads\/2026\/09\/Radio-Ramingo-1536x1152.jpg 1536w, https:\/\/www.luna-nuova.it\/wp-content\/uploads\/2026\/09\/Radio-Ramingo-640x480.jpg 640w, https:\/\/www.luna-nuova.it\/wp-content\/uploads\/2026\/09\/Radio-Ramingo-1000x750.jpg 1000w\" data-sizes=\"(max-width: 1600px) 100vw, 1600px\" src=\"data:image\/svg+xml;base64,PHN2ZyB3aWR0aD0iMSIgaGVpZ2h0PSIxIiB4bWxucz0iaHR0cDovL3d3dy53My5vcmcvMjAwMC9zdmciPjwvc3ZnPg==\" style=\"--smush-placeholder-width: 1600px; --smush-placeholder-aspect-ratio: 1600\/1200;\" \/><\/figure><\/li><\/ul>\n\n\n<p class=\"has-text-align-right wp-block-paragraph\"><em>(La Mandragola, Niccol\u00f2 Machiavelli)<\/em><\/p>\n\n\n\n<div style=\"height:34px\" aria-hidden=\"true\" class=\"wp-block-spacer\"><\/div>\n\n\n\n<p class=\"has-text-align-left wp-block-paragraph\" style=\"font-size:20px\"><strong>Laura Pelliciari<\/strong> <\/p>\n\n\n\n<p class=\"has-text-align-left wp-block-paragraph\" style=\"font-size:20px\">Nel corso del 2022 ha messo nuove radici a Montefiorino Ramingo APS. Si tratta di un\u2019associazione nata nel 2010 in Lombardia dall\u2019idea di Laura Pelliciari e Andrea Genzone, accomunati dalla passione per le culture, da una lunga militanza in ambito socio-educativo e dal desiderio di sentirsi parte attiva della comunit\u00e0 in cui vivono. Il nome e il simbolo del Ramingo rappresentano un\u2019idea di confine che non \u00e8 una linea chiusa, n\u00e9 un muro, ma un\u2019area da frequentare il pi\u00f9 possibile per incontrare le uniche persone che possono insegnarti qualcosa: gli altri.<br>Ramingo APS in questi anni ha organizzato corsi di formazione, laboratori educativi nelle scuole, cineforum, eventi e concerti. Ha prodotto documentari, fondato un progetto editoriale per bambini e Radio Ramingo, una web-radio con sede operativa nella Rocca di Montefiorino.<br>\u201cS\u00ec, forse siamo frenetici\u201d ammette la presidente Laura Pelliciari, \u201cma ci piace pensare che tutte queste iniziative siano solo strade diverse per giungere ad una stessa meta: l&#8217;incontro tra e con le persone. Non possiamo negare la soddisfazione quando, tramite una delle nostre proposte, qualcuno ci racconta che ha scoperto qualcosa, ha trovato una nuova passione, ha passato un bel momento. Sdolcinati? Forse. In fondo siamo solo educatori che sanno che il proprio lavoro non avr\u00e0 mai nessun riscontro se non quelli appena citati: abbiamo imparato a farceli bastare e a goderceli.\u201d <\/p>\n\n\n\n<p class=\"has-text-align-left wp-block-paragraph\" style=\"font-size:20px\">Oggi la sede ufficiale di Ramingo APS \u00e8 a Montefiorino. Ma, come oramai si sar\u00e0 capito, i progetti dell\u2019associazione faticano ad identificarsi sotto un solo campanile. Per questo ogni iniziativa tende, o almeno ci prova, a coinvolgere pi\u00f9 persone possibile. \u201cCi troviamo in Val Dragone, ma il nostro orizzonte \u00e8 il West\u201d scherza Andrea, parafrasando Francesco Guccini. Tanto per fare un esempio, Radio Ramingo \u00e8 un progetto culturale aperto a tutti e tutte coloro che vogliano contribuire con un podcast, una trasmissione, o inserirsi in un progetto gi\u00e0 avviato. \u00c8 anche possibile imparare le basi del mestiere da chi \u00e8 gi\u00e0 attivo da tempo nell\u2019associazione. Su ramingo.org\/radio si possono ascoltare le dirette (attualmente al marted\u00ec sera) e i podcast, disponibili anche su Spreaker e Spotify.<br>Un altro interessante progetto, appena partito e finanziato dall\u2019OPM della Chiesa Valdese, si chiama &#8220;Biblioteca Aperta a Monte&#8221;, con attivit\u00e0 e laboratori tutti i sabati da novembre 2023 a maggio 2024 nella biblioteca scolastica del Pianellino a Montefiorino. Un progetto, questo, che d\u00e0 seguito all\u2019impegno dell\u2019associazione per incoraggiare la lettura nei pi\u00f9 giovani, iniziato con il primo albo illustrato di Editrice Raminga: \u201cIl gioco della nuvola\u201d.<br>Il libro \u00e8 disponibile per l\u2019acquisto contattando l\u2019associazione o nelle librerie indicate sul sito.<\/p>\n\n\n\n<p class=\"wp-block-paragraph\">Mentre volge al termine il corso di podcasting, iniziato ad ottobre, altri corsi torneranno in primavera, tra cui fotografia, scrittura creativa e ciclomeccanica. \u201cMa chi ha proposte per nuovi corsi e laboratori pu\u00f2 contattarci, e lo organizziamo insieme\u201d spiega Laura.<br>Ramingo APS, tra l\u2019altro, \u00e8 un circolo Arci e chi volesse fare la tessera potr\u00e0 poi usarla nei circoli di tutta Italia.<\/p>\n\n\n\n<p class=\"wp-block-paragraph\" style=\"font-size:20px\"><\/p>\n\n\n\n<p class=\"wp-block-paragraph\"><\/p>\n","protected":false},"excerpt":{"rendered":"<p>Nel corso del 2022 ha messo nuove radici a Montefiorino Ramingo APS. Si tratta di un\u2019associazione nata nel 2010 in Lombardia dall\u2019idea di Laura Pelliciari e Andrea Genzone, accomunati dalla passione per le culture, da una lunga militanza in ambito socio-educativo e dal desiderio di sentirsi parte attiva della comunit\u00e0 in cui vivono. <\/p>\n","protected":false},"author":7,"featured_media":5637,"comment_status":"open","ping_status":"open","sticky":false,"template":"","format":"standard","meta":{"_acf_changed":false,"footnotes":""},"categories":[7],"tags":[],"class_list":["post-5639","post","type-post","status-publish","format-standard","has-post-thumbnail","hentry","category-fatti-e-misfatti"],"aioseo_notices":[],"aioseo_head":"\n\t\t<!-- All in One SEO 5.0.1.1 - aioseo.com -->\n\t<meta name=\"description\" content=\"Nel corso del 2022 ha messo nuove radici a Montefiorino Ramingo APS. Si tratta di un\u2019associazione nata nel 2010 in Lombardia dall\u2019idea di Laura Pelliciari e Andrea Genzone, accomunati dalla passione per le culture, da una lunga militanza in ambito socio-educativo e dal desiderio di sentirsi parte attiva della comunit\u00e0 in cui vivono.\" \/>\n\t<meta name=\"robots\" content=\"max-image-preview:large\" \/>\n\t<meta name=\"author\" content=\"Laura Pelliciari\"\/>\n\t<link rel=\"canonical\" href=\"https:\/\/www.luna-nuova.it\/?p=5639\" \/>\n\t<meta name=\"generator\" content=\"All in One SEO (AIOSEO) 5.0.1.1\" \/>\n\t\t<meta property=\"og:locale\" content=\"it_IT\" \/>\n\t\t<meta property=\"og:site_name\" content=\"Associazione la LUNA - Attualit\u00e0 - Cultura - Tradizioni - Solidariet\u00e0\" \/>\n\t\t<meta property=\"og:type\" content=\"article\" \/>\n\t\t<meta property=\"og:title\" content=\"RAMINGO - Associazione la LUNA\" \/>\n\t\t<meta property=\"og:description\" content=\"Nel corso del 2022 ha messo nuove radici a Montefiorino Ramingo APS. Si tratta di un\u2019associazione nata nel 2010 in Lombardia dall\u2019idea di Laura Pelliciari e Andrea Genzone, accomunati dalla passione per le culture, da una lunga militanza in ambito socio-educativo e dal desiderio di sentirsi parte attiva della comunit\u00e0 in cui vivono.\" \/>\n\t\t<meta property=\"og:url\" content=\"https:\/\/www.luna-nuova.it\/?p=5639\" \/>\n\t\t<meta property=\"article:published_time\" content=\"2023-12-20T11:11:00+00:00\" \/>\n\t\t<meta property=\"article:modified_time\" content=\"2026-09-01T10:16:20+00:00\" \/>\n\t\t<meta property=\"article:publisher\" content=\"https:\/\/www.facebook.com\/groups\/395803209096\" \/>\n\t\t<meta name=\"twitter:card\" content=\"summary_large_image\" \/>\n\t\t<meta name=\"twitter:title\" content=\"RAMINGO - Associazione la LUNA\" \/>\n\t\t<meta name=\"twitter:description\" content=\"Nel corso del 2022 ha messo nuove radici a Montefiorino Ramingo APS. Si tratta di un\u2019associazione nata nel 2010 in Lombardia dall\u2019idea di Laura Pelliciari e Andrea Genzone, accomunati dalla passione per le culture, da una lunga militanza in ambito socio-educativo e dal desiderio di sentirsi parte attiva della comunit\u00e0 in cui vivono.\" \/>\n\t\t<script type=\"application\/ld+json\" class=\"aioseo-schema\">\n\t\t\t{\"@context\":\"https:\\\/\\\/schema.org\",\"@graph\":[{\"@type\":\"BlogPosting\",\"@id\":\"https:\\\/\\\/www.luna-nuova.it\\\/?p=5639#blogposting\",\"name\":\"RAMINGO - Associazione la LUNA\",\"headline\":\"RAMINGO\",\"author\":{\"@id\":\"https:\\\/\\\/www.luna-nuova.it\\\/?author=7#author\"},\"publisher\":{\"@id\":\"https:\\\/\\\/www.luna-nuova.it\\\/#organization\"},\"image\":{\"@type\":\"ImageObject\",\"url\":\"https:\\\/\\\/www.luna-nuova.it\\\/wp-content\\\/uploads\\\/2026\\\/09\\\/Radio-Ramingo.jpg\",\"width\":1600,\"height\":1200},\"datePublished\":\"2023-12-20T12:11:00+01:00\",\"dateModified\":\"2026-09-01T12:16:20+02:00\",\"inLanguage\":\"it-IT\",\"mainEntityOfPage\":{\"@id\":\"https:\\\/\\\/www.luna-nuova.it\\\/?p=5639#webpage\"},\"isPartOf\":{\"@id\":\"https:\\\/\\\/www.luna-nuova.it\\\/?p=5639#webpage\"},\"articleSection\":\"Fatti e Misfatti\"},{\"@type\":\"BreadcrumbList\",\"@id\":\"https:\\\/\\\/www.luna-nuova.it\\\/?p=5639#breadcrumblist\",\"itemListElement\":[{\"@type\":\"ListItem\",\"@id\":\"https:\\\/\\\/www.luna-nuova.it#listItem\",\"position\":1,\"name\":\"Home\",\"item\":\"https:\\\/\\\/www.luna-nuova.it\",\"nextItem\":{\"@type\":\"ListItem\",\"@id\":\"https:\\\/\\\/www.luna-nuova.it\\\/?cat=7#listItem\",\"name\":\"Fatti e Misfatti\"}},{\"@type\":\"ListItem\",\"@id\":\"https:\\\/\\\/www.luna-nuova.it\\\/?cat=7#listItem\",\"position\":2,\"name\":\"Fatti e Misfatti\",\"item\":\"https:\\\/\\\/www.luna-nuova.it\\\/?cat=7\",\"nextItem\":{\"@type\":\"ListItem\",\"@id\":\"https:\\\/\\\/www.luna-nuova.it\\\/?p=5639#listItem\",\"name\":\"RAMINGO\"},\"previousItem\":{\"@type\":\"ListItem\",\"@id\":\"https:\\\/\\\/www.luna-nuova.it#listItem\",\"name\":\"Home\"}},{\"@type\":\"ListItem\",\"@id\":\"https:\\\/\\\/www.luna-nuova.it\\\/?p=5639#listItem\",\"position\":3,\"name\":\"RAMINGO\",\"previousItem\":{\"@type\":\"ListItem\",\"@id\":\"https:\\\/\\\/www.luna-nuova.it\\\/?cat=7#listItem\",\"name\":\"Fatti e Misfatti\"}}]},{\"@type\":\"Organization\",\"@id\":\"https:\\\/\\\/www.luna-nuova.it\\\/#organization\",\"name\":\"Associazione la LUNA aps\",\"description\":\"Attualit\\u00e0, cultura, tradizioni, solidariet\\u00e0 da Palagano e dintorni.\",\"url\":\"https:\\\/\\\/www.luna-nuova.it\\\/\",\"email\":\"redazione@luna-nuova.it\",\"telephone\":\"+393393959487\",\"logo\":{\"@type\":\"ImageObject\",\"url\":\"https:\\\/\\\/www.luna-nuova.it\\\/wp-content\\\/uploads\\\/2026\\\/08\\\/Logo2013.jpg\",\"@id\":\"https:\\\/\\\/www.luna-nuova.it\\\/?p=5639\\\/#organizationLogo\",\"width\":851,\"height\":491},\"image\":{\"@id\":\"https:\\\/\\\/www.luna-nuova.it\\\/?p=5639\\\/#organizationLogo\"},\"sameAs\":[\"https:\\\/\\\/www.facebook.com\\\/groups\\\/395803209096\",\"https:\\\/\\\/www.instagram.com\\\/associazionelalunanuova\\\/\"]},{\"@type\":\"Person\",\"@id\":\"https:\\\/\\\/www.luna-nuova.it\\\/?author=7#author\",\"url\":\"https:\\\/\\\/www.luna-nuova.it\\\/?author=7\",\"name\":\"Laura Pelliciari\",\"image\":{\"@type\":\"ImageObject\",\"@id\":\"https:\\\/\\\/www.luna-nuova.it\\\/?p=5639#authorImage\",\"url\":\"https:\\\/\\\/secure.gravatar.com\\\/avatar\\\/a78e3c414a6aa889df415262b2e21c6c95a1c7db618529ec7cc790a627d8cd10?s=96&d=mm&r=g\",\"width\":96,\"height\":96,\"caption\":\"Laura Pelliciari\"}},{\"@type\":\"WebPage\",\"@id\":\"https:\\\/\\\/www.luna-nuova.it\\\/?p=5639#webpage\",\"url\":\"https:\\\/\\\/www.luna-nuova.it\\\/?p=5639\",\"name\":\"RAMINGO - Associazione la LUNA\",\"description\":\"Nel corso del 2022 ha messo nuove radici a Montefiorino Ramingo APS. Si tratta di un\\u2019associazione nata nel 2010 in Lombardia dall\\u2019idea di Laura Pelliciari e Andrea Genzone, accomunati dalla passione per le culture, da una lunga militanza in ambito socio-educativo e dal desiderio di sentirsi parte attiva della comunit\\u00e0 in cui vivono.\",\"inLanguage\":\"it-IT\",\"isPartOf\":{\"@id\":\"https:\\\/\\\/www.luna-nuova.it\\\/#website\"},\"breadcrumb\":{\"@id\":\"https:\\\/\\\/www.luna-nuova.it\\\/?p=5639#breadcrumblist\"},\"author\":{\"@id\":\"https:\\\/\\\/www.luna-nuova.it\\\/?author=7#author\"},\"creator\":{\"@id\":\"https:\\\/\\\/www.luna-nuova.it\\\/?author=7#author\"},\"image\":{\"@type\":\"ImageObject\",\"url\":\"https:\\\/\\\/www.luna-nuova.it\\\/wp-content\\\/uploads\\\/2026\\\/09\\\/Radio-Ramingo.jpg\",\"@id\":\"https:\\\/\\\/www.luna-nuova.it\\\/?p=5639\\\/#mainImage\",\"width\":1600,\"height\":1200},\"primaryImageOfPage\":{\"@id\":\"https:\\\/\\\/www.luna-nuova.it\\\/?p=5639#mainImage\"},\"datePublished\":\"2023-12-20T12:11:00+01:00\",\"dateModified\":\"2026-09-01T12:16:20+02:00\"},{\"@type\":\"WebSite\",\"@id\":\"https:\\\/\\\/www.luna-nuova.it\\\/#website\",\"url\":\"https:\\\/\\\/www.luna-nuova.it\\\/\",\"name\":\"Associazione la LUNA\",\"description\":\"Attualit\\u00e0 - Cultura - Tradizioni - Solidariet\\u00e0\",\"inLanguage\":\"it-IT\",\"publisher\":{\"@id\":\"https:\\\/\\\/www.luna-nuova.it\\\/#organization\"}}]}\n\t\t<\/script>\n\t\t<!-- All in One SEO -->\n\n","aioseo_head_json":{"title":"RAMINGO - Associazione la LUNA","description":"Nel corso del 2022 ha messo nuove radici a Montefiorino Ramingo APS. Si tratta di un\u2019associazione nata nel 2010 in Lombardia dall\u2019idea di Laura Pelliciari e Andrea Genzone, accomunati dalla passione per le culture, da una lunga militanza in ambito socio-educativo e dal desiderio di sentirsi parte attiva della comunit\u00e0 in cui vivono.","canonical_url":"https:\/\/www.luna-nuova.it\/?p=5639","robots":"max-image-preview:large","keywords":"","webmasterTools":{"miscellaneous":""},"schema":{"@context":"https:\/\/schema.org","@graph":[{"@type":"BlogPosting","@id":"https:\/\/www.luna-nuova.it\/?p=5639#blogposting","name":"RAMINGO - Associazione la LUNA","headline":"RAMINGO","author":{"@id":"https:\/\/www.luna-nuova.it\/?author=7#author"},"publisher":{"@id":"https:\/\/www.luna-nuova.it\/#organization"},"image":{"@type":"ImageObject","url":"https:\/\/www.luna-nuova.it\/wp-content\/uploads\/2026\/09\/Radio-Ramingo.jpg","width":1600,"height":1200},"datePublished":"2023-12-20T12:11:00+01:00","dateModified":"2026-09-01T12:16:20+02:00","inLanguage":"it-IT","mainEntityOfPage":{"@id":"https:\/\/www.luna-nuova.it\/?p=5639#webpage"},"isPartOf":{"@id":"https:\/\/www.luna-nuova.it\/?p=5639#webpage"},"articleSection":"Fatti e Misfatti"},{"@type":"BreadcrumbList","@id":"https:\/\/www.luna-nuova.it\/?p=5639#breadcrumblist","itemListElement":[{"@type":"ListItem","@id":"https:\/\/www.luna-nuova.it#listItem","position":1,"name":"Home","item":"https:\/\/www.luna-nuova.it","nextItem":{"@type":"ListItem","@id":"https:\/\/www.luna-nuova.it\/?cat=7#listItem","name":"Fatti e Misfatti"}},{"@type":"ListItem","@id":"https:\/\/www.luna-nuova.it\/?cat=7#listItem","position":2,"name":"Fatti e Misfatti","item":"https:\/\/www.luna-nuova.it\/?cat=7","nextItem":{"@type":"ListItem","@id":"https:\/\/www.luna-nuova.it\/?p=5639#listItem","name":"RAMINGO"},"previousItem":{"@type":"ListItem","@id":"https:\/\/www.luna-nuova.it#listItem","name":"Home"}},{"@type":"ListItem","@id":"https:\/\/www.luna-nuova.it\/?p=5639#listItem","position":3,"name":"RAMINGO","previousItem":{"@type":"ListItem","@id":"https:\/\/www.luna-nuova.it\/?cat=7#listItem","name":"Fatti e Misfatti"}}]},{"@type":"Organization","@id":"https:\/\/www.luna-nuova.it\/#organization","name":"Associazione la LUNA aps","description":"Attualit\u00e0, cultura, tradizioni, solidariet\u00e0 da Palagano e dintorni.","url":"https:\/\/www.luna-nuova.it\/","email":"redazione@luna-nuova.it","telephone":"+393393959487","logo":{"@type":"ImageObject","url":"https:\/\/www.luna-nuova.it\/wp-content\/uploads\/2026\/08\/Logo2013.jpg","@id":"https:\/\/www.luna-nuova.it\/?p=5639\/#organizationLogo","width":851,"height":491},"image":{"@id":"https:\/\/www.luna-nuova.it\/?p=5639\/#organizationLogo"},"sameAs":["https:\/\/www.facebook.com\/groups\/395803209096","https:\/\/www.instagram.com\/associazionelalunanuova\/"]},{"@type":"Person","@id":"https:\/\/www.luna-nuova.it\/?author=7#author","url":"https:\/\/www.luna-nuova.it\/?author=7","name":"Laura Pelliciari","image":{"@type":"ImageObject","@id":"https:\/\/www.luna-nuova.it\/?p=5639#authorImage","url":"https:\/\/secure.gravatar.com\/avatar\/a78e3c414a6aa889df415262b2e21c6c95a1c7db618529ec7cc790a627d8cd10?s=96&d=mm&r=g","width":96,"height":96,"caption":"Laura Pelliciari"}},{"@type":"WebPage","@id":"https:\/\/www.luna-nuova.it\/?p=5639#webpage","url":"https:\/\/www.luna-nuova.it\/?p=5639","name":"RAMINGO - Associazione la LUNA","description":"Nel corso del 2022 ha messo nuove radici a Montefiorino Ramingo APS. Si tratta di un\u2019associazione nata nel 2010 in Lombardia dall\u2019idea di Laura Pelliciari e Andrea Genzone, accomunati dalla passione per le culture, da una lunga militanza in ambito socio-educativo e dal desiderio di sentirsi parte attiva della comunit\u00e0 in cui vivono.","inLanguage":"it-IT","isPartOf":{"@id":"https:\/\/www.luna-nuova.it\/#website"},"breadcrumb":{"@id":"https:\/\/www.luna-nuova.it\/?p=5639#breadcrumblist"},"author":{"@id":"https:\/\/www.luna-nuova.it\/?author=7#author"},"creator":{"@id":"https:\/\/www.luna-nuova.it\/?author=7#author"},"image":{"@type":"ImageObject","url":"https:\/\/www.luna-nuova.it\/wp-content\/uploads\/2026\/09\/Radio-Ramingo.jpg","@id":"https:\/\/www.luna-nuova.it\/?p=5639\/#mainImage","width":1600,"height":1200},"primaryImageOfPage":{"@id":"https:\/\/www.luna-nuova.it\/?p=5639#mainImage"},"datePublished":"2023-12-20T12:11:00+01:00","dateModified":"2026-09-01T12:16:20+02:00"},{"@type":"WebSite","@id":"https:\/\/www.luna-nuova.it\/#website","url":"https:\/\/www.luna-nuova.it\/","name":"Associazione la LUNA","description":"Attualit\u00e0 - Cultura - Tradizioni - Solidariet\u00e0","inLanguage":"it-IT","publisher":{"@id":"https:\/\/www.luna-nuova.it\/#organization"}}]},"og:locale":"it_IT","og:site_name":"Associazione la LUNA - Attualit\u00e0 - Cultura - Tradizioni - Solidariet\u00e0","og:type":"article","og:title":"RAMINGO - Associazione la LUNA","og:description":"Nel corso del 2022 ha messo nuove radici a Montefiorino Ramingo APS. Si tratta di un\u2019associazione nata nel 2010 in Lombardia dall\u2019idea di Laura Pelliciari e Andrea Genzone, accomunati dalla passione per le culture, da una lunga militanza in ambito socio-educativo e dal desiderio di sentirsi parte attiva della comunit\u00e0 in cui vivono.","og:url":"https:\/\/www.luna-nuova.it\/?p=5639","article:published_time":"2023-12-20T11:11:00+00:00","article:modified_time":"2026-09-01T10:16:20+00:00","article:publisher":"https:\/\/www.facebook.com\/groups\/395803209096","twitter:card":"summary_large_image","twitter:title":"RAMINGO - Associazione la LUNA","twitter:description":"Nel corso del 2022 ha messo nuove radici a Montefiorino Ramingo APS. Si tratta di un\u2019associazione nata nel 2010 in Lombardia dall\u2019idea di Laura Pelliciari e Andrea Genzone, accomunati dalla passione per le culture, da una lunga militanza in ambito socio-educativo e dal desiderio di sentirsi parte attiva della comunit\u00e0 in cui vivono."},"aioseo_meta_data":{"post_id":"5639","title":null,"description":null,"keywords":null,"keyphrases":{"focus":{"keyphrase":"","score":0,"analysis":{"keyphraseInTitle":{"score":0,"maxScore":9,"error":1}}},"additional":[]},"focus_keyword":null,"additional_keywords":null,"truseo_locale":null,"primary_term":null,"canonical_url":null,"og_title":null,"og_description":null,"og_object_type":"default","og_image_type":"default","og_image_custom_url":null,"og_image_custom_fields":null,"og_image_url":null,"og_image_width":null,"og_image_height":null,"og_video":"","og_custom_url":null,"og_article_section":null,"og_article_tags":null,"twitter_use_og":false,"twitter_card":"default","twitter_image_type":"default","twitter_image_custom_url":null,"twitter_image_custom_fields":null,"twitter_image_url":null,"twitter_title":null,"twitter_description":null,"schema_type":"default","schema_type_options":null,"schema":{"blockGraphs":[],"customGraphs":[],"default":{"data":{"Article":[],"Course":[],"Dataset":[],"FAQPage":[],"Movie":[],"Person":[],"Product":[],"ProductReview":[],"Car":[],"Recipe":[],"Service":[],"SoftwareApplication":[],"WebPage":[]},"graphName":"BlogPosting","isEnabled":true},"graphs":[]},"pillar_content":false,"robots_default":true,"robots_noindex":false,"robots_noarchive":false,"robots_nosnippet":false,"robots_nofollow":false,"robots_noimageindex":false,"robots_noodp":false,"robots_notranslate":false,"robots_max_snippet":"-1","robots_max_videopreview":"-1","robots_max_imagepreview":"large","priority":null,"frequency":"default","local_seo":null,"limit_modified_date":false,"ai":{"faqs":[],"keyPoints":[],"schemas":[],"titles":[],"descriptions":[],"socialPosts":{"email":{"subject":"","preview":"","content":""},"linkedin":[],"twitter":[],"facebook":[],"instagram":[]}},"breadcrumb_settings":null,"seo_analyzer_scan_date":null,"created":"2026-09-01 10:16:20","updated":"2026-09-01 13:43:03"},"aioseo_breadcrumb":"<div class=\"aioseo-breadcrumbs\"><span class=\"aioseo-breadcrumb\">\n\t\t\t<a href=\"https:\/\/www.luna-nuova.it\" title=\"Home\">Home<\/a>\n\t\t<\/span><span class=\"aioseo-breadcrumb-separator\">&raquo;<\/span><span class=\"aioseo-breadcrumb\">\n\t\t\t<a href=\"https:\/\/www.luna-nuova.it\/?cat=7\" title=\"Fatti e Misfatti\">Fatti e Misfatti<\/a>\n\t\t<\/span><span class=\"aioseo-breadcrumb-separator\">&raquo;<\/span><span class=\"aioseo-breadcrumb\">\n\t\t\tRAMINGO\n\t\t<\/span><\/div>","aioseo_breadcrumb_json":[{"label":"Home","link":"https:\/\/www.luna-nuova.it"},{"label":"Fatti e Misfatti","link":"https:\/\/www.luna-nuova.it\/?cat=7"},{"label":"RAMINGO","link":"https:\/\/www.luna-nuova.it\/?p=5639"}],"acf":[],"_links":{"self":[{"href":"https:\/\/www.luna-nuova.it\/index.php?rest_route=\/wp\/v2\/posts\/5639","targetHints":{"allow":["GET"]}}],"collection":[{"href":"https:\/\/www.luna-nuova.it\/index.php?rest_route=\/wp\/v2\/posts"}],"about":[{"href":"https:\/\/www.luna-nuova.it\/index.php?rest_route=\/wp\/v2\/types\/post"}],"author":[{"embeddable":true,"href":"https:\/\/www.luna-nuova.it\/index.php?rest_route=\/wp\/v2\/users\/7"}],"replies":[{"embeddable":true,"href":"https:\/\/www.luna-nuova.it\/index.php?rest_route=%2Fwp%2Fv2%2Fcomments&post=5639"}],"version-history":[{"count":1,"href":"https:\/\/www.luna-nuova.it\/index.php?rest_route=\/wp\/v2\/posts\/5639\/revisions"}],"predecessor-version":[{"id":5640,"href":"https:\/\/www.luna-nuova.it\/index.php?rest_route=\/wp\/v2\/posts\/5639\/revisions\/5640"}],"wp:featuredmedia":[{"embeddable":true,"href":"https:\/\/www.luna-nuova.it\/index.php?rest_route=\/wp\/v2\/media\/5637"}],"wp:attachment":[{"href":"https:\/\/www.luna-nuova.it\/index.php?rest_route=%2Fwp%2Fv2%2Fmedia&parent=5639"}],"wp:term":[{"taxonomy":"category","embeddable":true,"href":"https:\/\/www.luna-nuova.it\/index.php?rest_route=%2Fwp%2Fv2%2Fcategories&post=5639"},{"taxonomy":"post_tag","embeddable":true,"href":"https:\/\/www.luna-nuova.it\/index.php?rest_route=%2Fwp%2Fv2%2Ftags&post=5639"}],"curies":[{"name":"wp","href":"https:\/\/api.w.org\/{rel}","templated":true}]}}