{"id":5580,"date":"2024-06-09T17:50:00","date_gmt":"2024-06-09T15:50:00","guid":{"rendered":"https:\/\/www.luna-nuova.it\/?p=5580"},"modified":"2026-08-29T18:14:16","modified_gmt":"2026-08-29T16:14:16","slug":"sconfinatamente-2","status":"publish","type":"post","link":"https:\/\/www.luna-nuova.it\/?p=5580","title":{"rendered":"SCONFINATAMENTE"},"content":{"rendered":"\n<figure class=\"wp-block-image size-full\"><img decoding=\"async\" width=\"850\" height=\"600\" data-src=\"https:\/\/www.luna-nuova.it\/wp-content\/uploads\/2026\/08\/1-4-edited.jpg\" alt=\"\" class=\"wp-image-5581 lazyload\" data-srcset=\"https:\/\/www.luna-nuova.it\/wp-content\/uploads\/2026\/08\/1-4-edited.jpg 850w, https:\/\/www.luna-nuova.it\/wp-content\/uploads\/2026\/08\/1-4-edited-300x212.jpg 300w, https:\/\/www.luna-nuova.it\/wp-content\/uploads\/2026\/08\/1-4-edited-768x542.jpg 768w\" data-sizes=\"(max-width: 850px) 100vw, 850px\" src=\"data:image\/svg+xml;base64,PHN2ZyB3aWR0aD0iMSIgaGVpZ2h0PSIxIiB4bWxucz0iaHR0cDovL3d3dy53My5vcmcvMjAwMC9zdmciPjwvc3ZnPg==\" style=\"--smush-placeholder-width: 850px; --smush-placeholder-aspect-ratio: 850\/600;\" \/><figcaption class=\"wp-element-caption\">Oulx.<\/figcaption><\/figure>\n\n\n\n<p class=\"wp-block-paragraph\" style=\"font-size:20px\"><strong>Prima di tutto esseri umani. Proprio come te.<\/strong><\/p>\n\n\n\n<p class=\"has-text-align-right wp-block-paragraph\"><a href=\"https:\/\/www.luna-nuova.it\/wp-content\/uploads\/2026\/01\/65-ln-giugno-2024-WEB.pdf\" data-type=\"attachment\" data-id=\"482\">la <strong>LUNA <\/strong><em>nuova <\/em>&#8211; Giugno 2024<\/a><\/p>\n\n\n\n<div style=\"height:60px\" aria-hidden=\"true\" class=\"wp-block-spacer\"><\/div>\n\n\n\n<p class=\"wp-block-paragraph\" style=\"font-size:20px\"><strong>Daniele Bettuzzi<\/strong> <\/p>\n\n\n\n<p class=\"wp-block-paragraph\" style=\"font-size:20px\">Che il viaggio sia lieve, ma profondo,<br>Possa portare risposte che possano portare nuove domande.<\/p>\n\n\n\n<p class=\"wp-block-paragraph\" style=\"font-size:20px\"><br>Che sia breve, che sia lungo,<br>Che sia ricco, vita, storie, diversit\u00e0, empatia, comprensione, accettazione, ugualianze differenti. <\/p>\n\n\n\n<p class=\"wp-block-paragraph\" style=\"font-size:20px\">Chi per primo, chi per ultimo, chi ricade, chi si rialza, chi si ferma, chi riparte.&nbsp;<br>Che ognuno \u00e8 al suo posto nel momento che \u00e8 giusto, che un giorno capiremo e prenderemo per grato.<\/p>\n\n\n\n<p class=\"has-text-align-right wp-block-paragraph\" style=\"font-size:20px\"><em>18 aprile 2022<\/em>&nbsp;<\/p>\n\n\n\n<div style=\"height:100px\" aria-hidden=\"true\" class=\"wp-block-spacer\"><\/div>\n\n\n\n<p class=\"wp-block-paragraph\" style=\"font-size:20px\">Solo i coraggiosi e quelli disposti a scoprire il diverso amano viaggiare nella paura dell&#8217;ignoto, per l&#8217;amore e per il gusto della scoperta, con la curiosit\u00e0<br>di conoscere il nuovo, il diverso, per l&#8217;imparare,<br>per il non sentirsi mai arrivati, mai da soli,<br>per abbattere i propri limiti e allargare i propri confini.<\/p>\n\n\n\n<p class=\"wp-block-paragraph\" style=\"font-size:20px\">Che sia un viaggio fisico, che sia un viaggio mentale, che si viaggi nel mondo, che si viaggi in se stessi, con lo spirito, con l&#8217;anima, che si viaggi in una persona, o che ci si lasci viaggiare.<\/p>\n\n\n\n<p class=\"wp-block-paragraph\" style=\"font-size:20px\">Il viaggio \u00e8 vita, la vita \u00e8 un viaggio.<\/p>\n\n\n\n<div style=\"height:100px\" aria-hidden=\"true\" class=\"wp-block-spacer\"><\/div>\n\n\n<ul style=\"--columns: 2;--space: 0px;--min-width: 0px\" class=\"filebird-block-filebird-gallery wp-block-gallery blocks-gallery-grid columns-2 is-cropped wp-block-filebird-block-filebird-gallery\"><li class=\"blocks-gallery-item\"><figure><img decoding=\"async\" width=\"707\" height=\"857\" data-src=\"https:\/\/www.luna-nuova.it\/wp-content\/uploads\/2026\/08\/5-2.jpg\" alt=\"Sconfinatamente.\" class=\"wp-image-5574 lazyload\" data-srcset=\"https:\/\/www.luna-nuova.it\/wp-content\/uploads\/2026\/08\/5-2.jpg 707w, https:\/\/www.luna-nuova.it\/wp-content\/uploads\/2026\/08\/5-2-247x300.jpg 247w\" data-sizes=\"(max-width: 707px) 100vw, 707px\" src=\"data:image\/svg+xml;base64,PHN2ZyB3aWR0aD0iMSIgaGVpZ2h0PSIxIiB4bWxucz0iaHR0cDovL3d3dy53My5vcmcvMjAwMC9zdmciPjwvc3ZnPg==\" style=\"--smush-placeholder-width: 707px; --smush-placeholder-aspect-ratio: 707\/857;\" \/><figcaption class=\"blocks-gallery-item__caption\">Trieste.<\/figcaption><\/figure><\/li><li class=\"blocks-gallery-item\"><figure><img decoding=\"async\" width=\"705\" height=\"881\" data-src=\"https:\/\/www.luna-nuova.it\/wp-content\/uploads\/2026\/08\/4-2.jpg\" alt=\"Sconfinatamente.\" class=\"wp-image-5573 lazyload\" data-srcset=\"https:\/\/www.luna-nuova.it\/wp-content\/uploads\/2026\/08\/4-2.jpg 705w, https:\/\/www.luna-nuova.it\/wp-content\/uploads\/2026\/08\/4-2-240x300.jpg 240w\" data-sizes=\"(max-width: 705px) 100vw, 705px\" src=\"data:image\/svg+xml;base64,PHN2ZyB3aWR0aD0iMSIgaGVpZ2h0PSIxIiB4bWxucz0iaHR0cDovL3d3dy53My5vcmcvMjAwMC9zdmciPjwvc3ZnPg==\" style=\"--smush-placeholder-width: 705px; --smush-placeholder-aspect-ratio: 705\/881;\" \/><figcaption class=\"blocks-gallery-item__caption\">Trieste.<\/figcaption><\/figure><\/li><li class=\"blocks-gallery-item\"><figure><img decoding=\"async\" width=\"712\" height=\"858\" data-src=\"https:\/\/www.luna-nuova.it\/wp-content\/uploads\/2026\/08\/3-2.jpg\" alt=\"Sconfinatamente.\" class=\"wp-image-5572 lazyload\" data-srcset=\"https:\/\/www.luna-nuova.it\/wp-content\/uploads\/2026\/08\/3-2.jpg 712w, https:\/\/www.luna-nuova.it\/wp-content\/uploads\/2026\/08\/3-2-249x300.jpg 249w\" data-sizes=\"(max-width: 712px) 100vw, 712px\" src=\"data:image\/svg+xml;base64,PHN2ZyB3aWR0aD0iMSIgaGVpZ2h0PSIxIiB4bWxucz0iaHR0cDovL3d3dy53My5vcmcvMjAwMC9zdmciPjwvc3ZnPg==\" style=\"--smush-placeholder-width: 712px; --smush-placeholder-aspect-ratio: 712\/858;\" \/><figcaption class=\"blocks-gallery-item__caption\">Trieste.<\/figcaption><\/figure><\/li><li class=\"blocks-gallery-item\"><figure><img decoding=\"async\" width=\"706\" height=\"859\" data-src=\"https:\/\/www.luna-nuova.it\/wp-content\/uploads\/2026\/08\/2-4.jpg\" alt=\"Sconfinatamente.\" class=\"wp-image-5571 lazyload\" data-srcset=\"https:\/\/www.luna-nuova.it\/wp-content\/uploads\/2026\/08\/2-4.jpg 706w, https:\/\/www.luna-nuova.it\/wp-content\/uploads\/2026\/08\/2-4-247x300.jpg 247w\" data-sizes=\"(max-width: 706px) 100vw, 706px\" src=\"data:image\/svg+xml;base64,PHN2ZyB3aWR0aD0iMSIgaGVpZ2h0PSIxIiB4bWxucz0iaHR0cDovL3d3dy53My5vcmcvMjAwMC9zdmciPjwvc3ZnPg==\" style=\"--smush-placeholder-width: 706px; --smush-placeholder-aspect-ratio: 706\/859;\" \/><figcaption class=\"blocks-gallery-item__caption\">Trieste.<\/figcaption><\/figure><\/li><\/ul>\n\n\n<p class=\"wp-block-paragraph\" style=\"font-size:20px\">No, perch\u00e9 poi, arriver\u00e0 il giorno in cui i nostri nipoti o pronipoti, o chiss\u00e0, forse saranno proprio i nostri figli, ci chiederanno: &#8220;Ma voi cosa facevate durante quegli anni, quando tutto questo accadeva sotto ai vostri occhi?&#8221;.<\/p>\n\n\n\n<p class=\"wp-block-paragraph\" style=\"font-size:20px\">Perch\u00e9 io alla mia bisnonna l&#8217;ho chiesto e lei, circa 100 anni fa, quando la moda era la svastica e l&#8217;essere tutti uguali, aveva accolto una famiglia ebrea in casa sua.<\/p>\n\n\n\n<p class=\"wp-block-paragraph\" style=\"font-size:20px\">Penso che il tempo poi ci abbia donato a suo tempo la giusta risposta. Non cerchiamo di commettere, nel rispetto della nostra libert\u00e0 di scelta e di pensiero, lo stesso errore. E per quanto sar\u00e0 possibile nella condizione di ognuno di noi, ci sono e ci saranno sempre degli ultimi che avranno bisogno del nostro aiuto.<\/p>\n\n\n\n<p class=\"wp-block-paragraph\" style=\"font-size:20px\">E anche su questo la memoria serve ed \u00e8 importante ed \u00e8 corta.<br>Ieri noi, oggi loro e domani?<\/p>\n\n\n\n<p class=\"wp-block-paragraph\" style=\"font-size:20px\">Chi vorremmo trovare noi dall&#8217;altra parte?<\/p>\n\n\n\n<p class=\"wp-block-paragraph\" style=\"font-size:20px\">In ogni caso, quante persone meravigliose che ci sono da quest&#8217;altra parte.<br>Almeno ogni tanto un sospiro di sollievo lo si pu\u00f2 tirare.<\/p>\n\n\n\n<p class=\"has-text-align-right wp-block-paragraph\" style=\"font-size:20px\"><em>Trieste, 10 Marzo 2024<\/em><\/p>\n\n\n\n<div style=\"height:100px\" aria-hidden=\"true\" class=\"wp-block-spacer\"><\/div>\n\n\n\n<p class=\"wp-block-paragraph\" style=\"font-size:20px\">La consapevolezza prima di tutto, poi ognuno, come giusto che sia (sperando che lo sar\u00e0 per sempre), si far\u00e0 la propria idea.<br>Ma il fatto che non si conosca un problema, non vuol dire che il problema non esiste, che va poi a finire che siamo tutti nella stassa barca (barcone), e poi loro che colpa hanno se qui le cose a noi non vanno come vorremmo?<\/p>\n\n\n\n<div style=\"height:100px\" aria-hidden=\"true\" class=\"wp-block-spacer\"><\/div>\n\n\n<ul style=\"--columns: 2;--space: 0px;--min-width: 0px\" class=\"filebird-block-filebird-gallery wp-block-gallery blocks-gallery-grid columns-2 is-cropped wp-block-filebird-block-filebird-gallery\"><li class=\"blocks-gallery-item\"><figure><img decoding=\"async\" width=\"808\" height=\"455\" data-src=\"https:\/\/www.luna-nuova.it\/wp-content\/uploads\/2026\/08\/10.jpg\" alt=\"Sconfinatamente.\" class=\"wp-image-5578 lazyload\" data-srcset=\"https:\/\/www.luna-nuova.it\/wp-content\/uploads\/2026\/08\/10.jpg 808w, https:\/\/www.luna-nuova.it\/wp-content\/uploads\/2026\/08\/10-300x169.jpg 300w, https:\/\/www.luna-nuova.it\/wp-content\/uploads\/2026\/08\/10-768x432.jpg 768w\" data-sizes=\"(max-width: 808px) 100vw, 808px\" src=\"data:image\/svg+xml;base64,PHN2ZyB3aWR0aD0iMSIgaGVpZ2h0PSIxIiB4bWxucz0iaHR0cDovL3d3dy53My5vcmcvMjAwMC9zdmciPjwvc3ZnPg==\" style=\"--smush-placeholder-width: 808px; --smush-placeholder-aspect-ratio: 808\/455;\" \/><figcaption class=\"blocks-gallery-item__caption\">Repubblica Democratica del Congo.<\/figcaption><\/figure><\/li><li class=\"blocks-gallery-item\"><figure><img decoding=\"async\" width=\"848\" height=\"468\" data-src=\"https:\/\/www.luna-nuova.it\/wp-content\/uploads\/2026\/08\/8.jpg\" alt=\"Sconfinatamente.\" class=\"wp-image-5577 lazyload\" data-srcset=\"https:\/\/www.luna-nuova.it\/wp-content\/uploads\/2026\/08\/8.jpg 848w, https:\/\/www.luna-nuova.it\/wp-content\/uploads\/2026\/08\/8-300x166.jpg 300w, https:\/\/www.luna-nuova.it\/wp-content\/uploads\/2026\/08\/8-768x424.jpg 768w, https:\/\/www.luna-nuova.it\/wp-content\/uploads\/2026\/08\/8-670x370.jpg 670w\" data-sizes=\"(max-width: 848px) 100vw, 848px\" src=\"data:image\/svg+xml;base64,PHN2ZyB3aWR0aD0iMSIgaGVpZ2h0PSIxIiB4bWxucz0iaHR0cDovL3d3dy53My5vcmcvMjAwMC9zdmciPjwvc3ZnPg==\" style=\"--smush-placeholder-width: 848px; --smush-placeholder-aspect-ratio: 848\/468;\" \/><figcaption class=\"blocks-gallery-item__caption\">Repubblica Democratica del Congo.<\/figcaption><\/figure><\/li><li class=\"blocks-gallery-item\"><figure><img decoding=\"async\" width=\"732\" height=\"445\" data-src=\"https:\/\/www.luna-nuova.it\/wp-content\/uploads\/2026\/08\/7-1.jpg\" alt=\"Sconfinatamente.\" class=\"wp-image-5576 lazyload\" data-srcset=\"https:\/\/www.luna-nuova.it\/wp-content\/uploads\/2026\/08\/7-1.jpg 732w, https:\/\/www.luna-nuova.it\/wp-content\/uploads\/2026\/08\/7-1-300x182.jpg 300w\" data-sizes=\"(max-width: 732px) 100vw, 732px\" src=\"data:image\/svg+xml;base64,PHN2ZyB3aWR0aD0iMSIgaGVpZ2h0PSIxIiB4bWxucz0iaHR0cDovL3d3dy53My5vcmcvMjAwMC9zdmciPjwvc3ZnPg==\" style=\"--smush-placeholder-width: 732px; --smush-placeholder-aspect-ratio: 732\/445;\" \/><figcaption class=\"blocks-gallery-item__caption\">Repubblica Democratica del Congo.<\/figcaption><\/figure><\/li><\/ul>\n\n\n<p class=\"wp-block-paragraph\" style=\"font-size:20px\"><strong>Pensieri confusi: pi\u00f9 conosco e meno capisco<\/strong>.<\/p>\n\n\n\n<p class=\"wp-block-paragraph\" style=\"font-size:20px\">Detto questo, mi sento cos\u00ec privilegiato e fortunato di poter vivere questo tipo di esperienze che mi fanno capire dinamiche di un mondo di cui facciamo parte, di cui incolpevolmente lo alimentiamo e di cui pi\u00f9 viaggio, pi\u00f9 conosco, ma meno capisco&#8230; E rimango affamato di sapere e di capire e allargo di un poco la mia piccola mente che a volte fa scherzi, si accontenta, si abbuia, si abitua, diventa ciclica, non sconfinata.<\/p>\n\n\n\n<p class=\"wp-block-paragraph\" style=\"font-size:20px\">La vita qui \u00e8 diversa, ingiusta, lenta&#8230; C&#8217;\u00e8 del buono in questo stile di vita che si dovrebbe far tornare, valorizzarlo e riprenderlo, ma c&#8217;\u00e8 assolutamente dello sbagliato e del senso di impotenza assoluta per queste persone che la loro incolpevole condanna rimane l&#8217;ignoranza pi\u00f9 misera e assurda, dovuta a scelte di persone ricche e (mal)sapienti. Questa non conoscenza, non sapienza \u00e8 la loro pi\u00f9 grande inconsapevole sfortuna, ma probabilmente anche la loro &#8220;fortuna&#8221; per accettare tutto questo come normale e abitudinario.<\/p>\n\n\n\n<p class=\"wp-block-paragraph\" style=\"font-size:20px\">Una delle cose che mi ha lasciato pi\u00f9 dolore e riflessione \u00e8 che qui l&#8217;uomo di colore considera l&#8217;uomo &#8220;bianco&#8221; superiore&#8230; \u00c8 orribile. La superiorit\u00e0 nella razza, nella specie non esiste, punto, viene solo imposta, indotta e sfruttata.<\/p>\n\n\n\n<p class=\"wp-block-paragraph\" style=\"font-size:20px\">Ognuno nel suo piccolo combatte le proprie battaglie, ma alcune vanno combattute (anche nel silenzio) insieme.<\/p>\n\n\n\n<div style=\"height:100px\" aria-hidden=\"true\" class=\"wp-block-spacer\"><\/div>\n\n\n\n<figure class=\"wp-block-image size-full\"><img decoding=\"async\" width=\"882\" height=\"859\" data-src=\"https:\/\/www.luna-nuova.it\/wp-content\/uploads\/2026\/08\/6-2.jpg\" alt=\"\" class=\"wp-image-5575 lazyload\" data-srcset=\"https:\/\/www.luna-nuova.it\/wp-content\/uploads\/2026\/08\/6-2.jpg 882w, https:\/\/www.luna-nuova.it\/wp-content\/uploads\/2026\/08\/6-2-300x292.jpg 300w, https:\/\/www.luna-nuova.it\/wp-content\/uploads\/2026\/08\/6-2-768x748.jpg 768w\" data-sizes=\"(max-width: 882px) 100vw, 882px\" src=\"data:image\/svg+xml;base64,PHN2ZyB3aWR0aD0iMSIgaGVpZ2h0PSIxIiB4bWxucz0iaHR0cDovL3d3dy53My5vcmcvMjAwMC9zdmciPjwvc3ZnPg==\" style=\"--smush-placeholder-width: 882px; --smush-placeholder-aspect-ratio: 882\/859;\" \/><figcaption class=\"wp-element-caption\">Oulx.<\/figcaption><\/figure>\n\n\n\n<p class=\"wp-block-paragraph\" style=\"font-size:20px\"><strong>Perch\u00e9 poi alla fine il giro di Do suona poi cos\u00ec ovunque.<\/strong><\/p>\n\n\n\n<p class=\"wp-block-paragraph\" style=\"font-size:20px\">&#8220;Non avrai altro Dio all&#8217;infuori di me<br>Spesso mi ha fatto pensare<br>Genti diverse venute dall&#8217;est<br>Dicevan che in fondo era uguale<br>Credevano a un altro diverso da te<br>E non mi hanno fatto del male<br>Credevano a un altro diverso da te<br>E non mi hanno fatto del male&#8221;.<\/p>\n\n\n\n<div style=\"height:100px\" aria-hidden=\"true\" class=\"wp-block-spacer\"><\/div>\n\n\n\n<figure class=\"wp-block-image size-full is-resized\"><img decoding=\"async\" width=\"653\" height=\"852\" data-src=\"https:\/\/www.luna-nuova.it\/wp-content\/uploads\/2026\/08\/12-e1788019594917.jpg\" alt=\"\" class=\"wp-image-5583 lazyload\" style=\"--smush-placeholder-width: 653px; --smush-placeholder-aspect-ratio: 653\/852;width:466px;height:auto\" data-srcset=\"https:\/\/www.luna-nuova.it\/wp-content\/uploads\/2026\/08\/12-e1788019594917.jpg 653w, https:\/\/www.luna-nuova.it\/wp-content\/uploads\/2026\/08\/12-e1788019594917-230x300.jpg 230w\" data-sizes=\"(max-width: 653px) 100vw, 653px\" src=\"data:image\/svg+xml;base64,PHN2ZyB3aWR0aD0iMSIgaGVpZ2h0PSIxIiB4bWxucz0iaHR0cDovL3d3dy53My5vcmcvMjAwMC9zdmciPjwvc3ZnPg==\" \/><figcaption class=\"wp-element-caption\">Oulx.<\/figcaption><\/figure>\n\n\n\n<p class=\"wp-block-paragraph\" style=\"font-size:20px\">&#8220;I profughi sono un&#8217;arma potente, pi\u00f9 dei missili&#8221;<\/p>\n\n\n\n<p class=\"has-text-align-right wp-block-paragraph\" style=\"font-size:20px\"><em>@valerionicolosi<\/em><\/p>\n\n\n\n<div style=\"height:100px\" aria-hidden=\"true\" class=\"wp-block-spacer\"><\/div>\n\n\n\n<figure class=\"wp-block-image size-full\"><img decoding=\"async\" width=\"873\" height=\"509\" data-src=\"https:\/\/www.luna-nuova.it\/wp-content\/uploads\/2026\/08\/11-e1788018217835.jpg\" alt=\"\" class=\"wp-image-5579 lazyload\" data-srcset=\"https:\/\/www.luna-nuova.it\/wp-content\/uploads\/2026\/08\/11-e1788018217835.jpg 873w, https:\/\/www.luna-nuova.it\/wp-content\/uploads\/2026\/08\/11-e1788018217835-300x175.jpg 300w, https:\/\/www.luna-nuova.it\/wp-content\/uploads\/2026\/08\/11-e1788018217835-768x448.jpg 768w\" data-sizes=\"(max-width: 873px) 100vw, 873px\" src=\"data:image\/svg+xml;base64,PHN2ZyB3aWR0aD0iMSIgaGVpZ2h0PSIxIiB4bWxucz0iaHR0cDovL3d3dy53My5vcmcvMjAwMC9zdmciPjwvc3ZnPg==\" style=\"--smush-placeholder-width: 873px; --smush-placeholder-aspect-ratio: 873\/509;\" \/><figcaption class=\"wp-element-caption\">14 Luglio 2022, Calais (Francia).<\/figcaption><\/figure>\n\n\n\n<p class=\"wp-block-paragraph\" style=\"font-size:20px\"><strong>Perch\u00e9 a me s\u00ec e a loro no?<\/strong><\/p>\n\n\n\n<p class=\"wp-block-paragraph\" style=\"font-size:20px\">\u00c8 da qualche tempo che sono in viaggio: parto, vado, torno, parto, vado, torno, etc etc&#8230;<br>Sono libero.<br>Come sempre sono infinitamente e consapevolmente grato del fatto che mi posso permettere questo tipo di periodo, sotto diversi aspetti, chiaramente quello economico e, non da meno, quello personale, che mi ha portato a questa non-scelta di rimettermi in totale discussione e cercare di trovare un senso assoluto (che ad oggi pi\u00f9 lo cerco, meno lo sto trovando) alla vita, al mondo, alla societ\u00e0.<br>Senza dilungarmi troppo in una retorica banale,<br>scontata e gi\u00e0 letta e riletta, ho una domanda che mi tormenta da quando sono partito, soprattutto in questo mio ultimo viaggio.<br>Perch\u00e9 a me s\u00ec e a loro no?<\/p>\n\n\n\n<p class=\"wp-block-paragraph\" style=\"font-size:20px\">Mi \u00e8 capitato, mi sta capitando di attraversare diverse frontiere e, per caso o per scelta, alcune tra le pi\u00f9 delicate sul tema immigrazione.<br>Ogni volta che mi capita di arrivare in uno stato nuovo mi si accende di adrenalina, di curiosit\u00e0 e di energia il cuore,<br>il cervello, il corpo, cercando e provando a godermi al meglio la cultura, le tradizioni, la gente etc etc..<br>Ultimamente per\u00f2 mi sono successe determinate esperienze che non mi fanno vivere in leggerezza e spensieratezza la cosa.<\/p>\n\n\n\n<p class=\"wp-block-paragraph\" style=\"font-size:20px\">Qualche giorno fa ho passato totalmente indisturbato il confine italo-francese passando da Oulx, paese di confine dove i migranti provano a raggiungere una sorta di &#8220;terra promessa&#8221;, ma mentre io l&#8217;ho passato in totale spensieratezza con la mia macchina, questa povera, incolpevole gente rischia la vita (alcuni la perdono anche) provando le rotte pi\u00f9 disperate per non farsi beccare dalla polizia, che mi ha accolto con un bel sorriso.<br>Perch\u00e9 a me s\u00ec e a loro no?<\/p>\n\n\n\n<p class=\"wp-block-paragraph\" style=\"font-size:20px\">La notizia di qualche giorno fa, dove a Chios nel campo profughi, dove ho prestato servizio per qualche giorno, dove \u00e8 stata trovata una ragazza morta di fame e sete (pi\u00f9 altre 4 persone ancora disperse) dove si era nascosta per sfuggire a dei &#8220;controlli&#8221; della polizia, mi sta dando una profonda sensazione di disagio, dolore, sconforto al cuore, all&#8217;anima. La stessa polizia che quando sono passato dalla frontiera che separa la Grecia dalla Turchia, forte del mio passaporto italiano, mi ha sorriso.<br>Perch\u00e9 a me s\u00ec e a loro no?<\/p>\n\n\n\n<p class=\"wp-block-paragraph\" style=\"font-size:20px\">La rotta balcanica l&#8217;ho attraversata in parte anni fa per vacanza con la mia famiglia, quando non sapevo e non mi interessavo ancora per nulla in questa cosa. Belle le frontiere, la Slovenia, la Croazia, la Bosnia, il mare, i larghi paesaggi, i villaggi&#8230; A Oulx ho conosciuto un ragazzo di 22 anni che percorrendo di sicuro non l&#8217;autostrada, di sicuro non la strada, gli hanno rubato e sequestrato documenti, soldi, averi ed \u00e8 stato picchiato, e da quel giorno soffre di schizofrenia e manie di persecuzione e tutto quello che voleva era solo raggiungere suo padre malato in Germania.<br>A me quel viaggio era piaciuto, se mio padre avesse bisogno di me in Germania sarebbe molto semplice per me poterlo andare a visitare. Perch\u00e9 a me s\u00ec e a lui no?<\/p>\n\n\n\n<p class=\"wp-block-paragraph\" style=\"font-size:20px\">Domani passer\u00f2 un altro confine, passer\u00f2 da Calais, dove c&#8217;\u00e8 un campo profughi rinominato &#8220;Giungla di Calais&#8221;, dove gente vuol semplicemente andare in Inghilterra per rifarsi una vita e scappare da problemi di cui raramente sono responsabili. Anche io domani voglio semplicemente andare in Inghilterra e godermi la vita e probabilmente sto anche scappando da qualche mio problema che con gli occhi di adesso mi fa sentire solo stupido. Io domani sono sicuro che non avr\u00f2 problemi, gente muore a Calais, gente muore nel mare..<br>Io prender\u00f2 un traghetto e sar\u00f2 al sicuro.<br>Perch\u00e9 io s\u00ec e loro no?<\/p>\n\n\n\n<p class=\"wp-block-paragraph\" style=\"font-size:20px\">Sia chiaro questo messaggio \u00e8 puramente a scopo riflessivo, io non ho nessuna risposta, mi sono fatto solo qualche idea e domanda e non c&#8217;\u00e8 nessuna accusa volta nei confronti di qualcuno, se non di chi potrebbe cambiare davvero le cose, e questa persona credo veramente non saremo n\u00e9 io, n\u00e9 te che leggi questa mia superflua e lunga riflessione.<\/p>\n\n\n\n<p class=\"wp-block-paragraph\" style=\"font-size:20px\">\u00c8 chiaro, scontato e risaputo che ognuno ha i suoi pensieri, le sue battaglie, il suo condominio da amministrare e nessuno ha bisogno di &#8220;pensieri importanti&#8221; in pi\u00f9, ma se queste mie parole potranno arrivare a qualcuno che quando potr\u00e0, riuscir\u00e0, per quel che potr\u00e0 o vorr\u00e0, sar\u00e0 disposto a migliorare questa situazione, perch\u00e9 io s\u00ec e loro no?<\/p>\n\n\n\n<div style=\"height:100px\" aria-hidden=\"true\" class=\"wp-block-spacer\"><\/div>\n\n\n\n<p class=\"wp-block-paragraph\" style=\"font-size:20px\">&#8220;C&#8217;\u00e8 gente che dice che vuol lottare, e poi confonde il fischio di inizio della partita con quello dell&#8217;ultimo minuto e va a casa&#8221;.<\/p>\n\n\n\n<p class=\"wp-block-paragraph\" style=\"font-size:20px\">&#8220;Quel giorno ti sembrer\u00e0 di essere solo ma non lo sei. E ricorda una cosa ancora pi\u00f9 importante. Guarda intorno al tiranno che tu odi e troverai mille servi e mille complici. Guarda intorno a loro e ne troverai altri mille, e mille ancora. Sono nati in un giorno solo? Combattere prima di quel giorno vuol dire combattere quel giorno&#8221;.<\/p>\n\n\n\n<p class=\"wp-block-paragraph\" style=\"font-size:20px\">&#8220;Volevi consumare una cosa preziosa, come la voglia di lottare ogni giorno. Credevi che il tuo destino fosse segnato, avevi previsto tutto, dramma, tragedia e revolverate, invece la memoria non \u00e8 fatta solo di giuramenti, parole e lapidi, \u00e8 fatta di gesti che si ripetono ogni mattino nel mondo. E il mondo che vogliamo noi va salvato ogni giorno, nutrito, tenuto vivo. Basta mollare un attimo e tutto va in rovina&#8221;.<\/p>\n\n\n\n<p class=\"has-text-align-right wp-block-paragraph\" style=\"font-size:20px\"><em>Stefano Benni<\/em><\/p>\n","protected":false},"excerpt":{"rendered":"<p>Prima di tutto esseri umani. Proprio come te.<\/p>\n","protected":false},"author":42,"featured_media":5579,"comment_status":"open","ping_status":"open","sticky":false,"template":"","format":"standard","meta":{"_acf_changed":false,"footnotes":""},"categories":[37],"tags":[],"class_list":["post-5580","post","type-post","status-publish","format-standard","has-post-thumbnail","hentry","category-sconfinatamente"],"aioseo_notices":[],"aioseo_head":"\n\t\t<!-- All in One SEO 5.0.1.1 - aioseo.com -->\n\t<meta name=\"description\" content=\"Prima di tutto esseri umani. Proprio come te.\" \/>\n\t<meta name=\"robots\" content=\"max-image-preview:large\" \/>\n\t<meta name=\"author\" content=\"Daniele Bettuzzi\"\/>\n\t<link rel=\"canonical\" href=\"https:\/\/www.luna-nuova.it\/?p=5580\" \/>\n\t<meta name=\"generator\" content=\"All in One SEO (AIOSEO) 5.0.1.1\" \/>\n\t\t<meta property=\"og:locale\" content=\"it_IT\" \/>\n\t\t<meta property=\"og:site_name\" content=\"Associazione la LUNA - Attualit\u00e0 - Cultura - Tradizioni - Solidariet\u00e0\" \/>\n\t\t<meta property=\"og:type\" content=\"article\" \/>\n\t\t<meta property=\"og:title\" content=\"SCONFINATAMENTE - Associazione la LUNA\" \/>\n\t\t<meta property=\"og:description\" content=\"Prima di tutto esseri umani. Proprio come te.\" \/>\n\t\t<meta property=\"og:url\" content=\"https:\/\/www.luna-nuova.it\/?p=5580\" \/>\n\t\t<meta property=\"article:published_time\" content=\"2024-06-09T15:50:00+00:00\" \/>\n\t\t<meta property=\"article:modified_time\" content=\"2026-08-29T16:14:16+00:00\" \/>\n\t\t<meta property=\"article:publisher\" content=\"https:\/\/www.facebook.com\/groups\/395803209096\" \/>\n\t\t<meta name=\"twitter:card\" content=\"summary_large_image\" \/>\n\t\t<meta name=\"twitter:title\" content=\"SCONFINATAMENTE - Associazione la LUNA\" \/>\n\t\t<meta name=\"twitter:description\" content=\"Prima di tutto esseri umani. Proprio come te.\" \/>\n\t\t<script type=\"application\/ld+json\" class=\"aioseo-schema\">\n\t\t\t{\"@context\":\"https:\\\/\\\/schema.org\",\"@graph\":[{\"@type\":\"BlogPosting\",\"@id\":\"https:\\\/\\\/www.luna-nuova.it\\\/?p=5580#blogposting\",\"name\":\"SCONFINATAMENTE - Associazione la LUNA\",\"headline\":\"SCONFINATAMENTE\",\"author\":{\"@id\":\"https:\\\/\\\/www.luna-nuova.it\\\/?author=42#author\"},\"publisher\":{\"@id\":\"https:\\\/\\\/www.luna-nuova.it\\\/#organization\"},\"image\":{\"@type\":\"ImageObject\",\"url\":\"https:\\\/\\\/www.luna-nuova.it\\\/wp-content\\\/uploads\\\/2026\\\/08\\\/11-e1788018217835.jpg\",\"width\":873,\"height\":509,\"caption\":\"14 Luglio 2022, Calais (Francia).\"},\"datePublished\":\"2024-06-09T17:50:00+02:00\",\"dateModified\":\"2026-08-29T18:14:16+02:00\",\"inLanguage\":\"it-IT\",\"mainEntityOfPage\":{\"@id\":\"https:\\\/\\\/www.luna-nuova.it\\\/?p=5580#webpage\"},\"isPartOf\":{\"@id\":\"https:\\\/\\\/www.luna-nuova.it\\\/?p=5580#webpage\"},\"articleSection\":\"Sconfinatamente\"},{\"@type\":\"BreadcrumbList\",\"@id\":\"https:\\\/\\\/www.luna-nuova.it\\\/?p=5580#breadcrumblist\",\"itemListElement\":[{\"@type\":\"ListItem\",\"@id\":\"https:\\\/\\\/www.luna-nuova.it#listItem\",\"position\":1,\"name\":\"Home\",\"item\":\"https:\\\/\\\/www.luna-nuova.it\",\"nextItem\":{\"@type\":\"ListItem\",\"@id\":\"https:\\\/\\\/www.luna-nuova.it\\\/?cat=37#listItem\",\"name\":\"Sconfinatamente\"}},{\"@type\":\"ListItem\",\"@id\":\"https:\\\/\\\/www.luna-nuova.it\\\/?cat=37#listItem\",\"position\":2,\"name\":\"Sconfinatamente\",\"item\":\"https:\\\/\\\/www.luna-nuova.it\\\/?cat=37\",\"nextItem\":{\"@type\":\"ListItem\",\"@id\":\"https:\\\/\\\/www.luna-nuova.it\\\/?p=5580#listItem\",\"name\":\"SCONFINATAMENTE\"},\"previousItem\":{\"@type\":\"ListItem\",\"@id\":\"https:\\\/\\\/www.luna-nuova.it#listItem\",\"name\":\"Home\"}},{\"@type\":\"ListItem\",\"@id\":\"https:\\\/\\\/www.luna-nuova.it\\\/?p=5580#listItem\",\"position\":3,\"name\":\"SCONFINATAMENTE\",\"previousItem\":{\"@type\":\"ListItem\",\"@id\":\"https:\\\/\\\/www.luna-nuova.it\\\/?cat=37#listItem\",\"name\":\"Sconfinatamente\"}}]},{\"@type\":\"Organization\",\"@id\":\"https:\\\/\\\/www.luna-nuova.it\\\/#organization\",\"name\":\"Associazione la LUNA aps\",\"description\":\"Attualit\\u00e0, cultura, tradizioni, solidariet\\u00e0 da Palagano e dintorni.\",\"url\":\"https:\\\/\\\/www.luna-nuova.it\\\/\",\"email\":\"redazione@luna-nuova.it\",\"telephone\":\"+393393959487\",\"logo\":{\"@type\":\"ImageObject\",\"url\":\"https:\\\/\\\/www.luna-nuova.it\\\/wp-content\\\/uploads\\\/2026\\\/08\\\/Logo2013.jpg\",\"@id\":\"https:\\\/\\\/www.luna-nuova.it\\\/?p=5580\\\/#organizationLogo\",\"width\":851,\"height\":491},\"image\":{\"@id\":\"https:\\\/\\\/www.luna-nuova.it\\\/?p=5580\\\/#organizationLogo\"},\"sameAs\":[\"https:\\\/\\\/www.facebook.com\\\/groups\\\/395803209096\",\"https:\\\/\\\/www.instagram.com\\\/associazionelalunanuova\\\/\"]},{\"@type\":\"Person\",\"@id\":\"https:\\\/\\\/www.luna-nuova.it\\\/?author=42#author\",\"url\":\"https:\\\/\\\/www.luna-nuova.it\\\/?author=42\",\"name\":\"Daniele Bettuzzi\",\"image\":{\"@type\":\"ImageObject\",\"@id\":\"https:\\\/\\\/www.luna-nuova.it\\\/?p=5580#authorImage\",\"url\":\"https:\\\/\\\/secure.gravatar.com\\\/avatar\\\/4fccd8088b391d3f0847604277b87ab254f83f628e2be7586e75a66fcf0c985f?s=96&d=mm&r=g\",\"width\":96,\"height\":96,\"caption\":\"Daniele Bettuzzi\"}},{\"@type\":\"WebPage\",\"@id\":\"https:\\\/\\\/www.luna-nuova.it\\\/?p=5580#webpage\",\"url\":\"https:\\\/\\\/www.luna-nuova.it\\\/?p=5580\",\"name\":\"SCONFINATAMENTE - Associazione la LUNA\",\"description\":\"Prima di tutto esseri umani. Proprio come te.\",\"inLanguage\":\"it-IT\",\"isPartOf\":{\"@id\":\"https:\\\/\\\/www.luna-nuova.it\\\/#website\"},\"breadcrumb\":{\"@id\":\"https:\\\/\\\/www.luna-nuova.it\\\/?p=5580#breadcrumblist\"},\"author\":{\"@id\":\"https:\\\/\\\/www.luna-nuova.it\\\/?author=42#author\"},\"creator\":{\"@id\":\"https:\\\/\\\/www.luna-nuova.it\\\/?author=42#author\"},\"image\":{\"@type\":\"ImageObject\",\"url\":\"https:\\\/\\\/www.luna-nuova.it\\\/wp-content\\\/uploads\\\/2026\\\/08\\\/11-e1788018217835.jpg\",\"@id\":\"https:\\\/\\\/www.luna-nuova.it\\\/?p=5580\\\/#mainImage\",\"width\":873,\"height\":509,\"caption\":\"14 Luglio 2022, Calais (Francia).\"},\"primaryImageOfPage\":{\"@id\":\"https:\\\/\\\/www.luna-nuova.it\\\/?p=5580#mainImage\"},\"datePublished\":\"2024-06-09T17:50:00+02:00\",\"dateModified\":\"2026-08-29T18:14:16+02:00\"},{\"@type\":\"WebSite\",\"@id\":\"https:\\\/\\\/www.luna-nuova.it\\\/#website\",\"url\":\"https:\\\/\\\/www.luna-nuova.it\\\/\",\"name\":\"Associazione la LUNA\",\"description\":\"Attualit\\u00e0 - Cultura - Tradizioni - Solidariet\\u00e0\",\"inLanguage\":\"it-IT\",\"publisher\":{\"@id\":\"https:\\\/\\\/www.luna-nuova.it\\\/#organization\"}}]}\n\t\t<\/script>\n\t\t<!-- All in One SEO -->\n\n","aioseo_head_json":{"title":"SCONFINATAMENTE - Associazione la LUNA","description":"Prima di tutto esseri umani. Proprio come te.","canonical_url":"https:\/\/www.luna-nuova.it\/?p=5580","robots":"max-image-preview:large","keywords":"","webmasterTools":{"miscellaneous":""},"schema":{"@context":"https:\/\/schema.org","@graph":[{"@type":"BlogPosting","@id":"https:\/\/www.luna-nuova.it\/?p=5580#blogposting","name":"SCONFINATAMENTE - Associazione la LUNA","headline":"SCONFINATAMENTE","author":{"@id":"https:\/\/www.luna-nuova.it\/?author=42#author"},"publisher":{"@id":"https:\/\/www.luna-nuova.it\/#organization"},"image":{"@type":"ImageObject","url":"https:\/\/www.luna-nuova.it\/wp-content\/uploads\/2026\/08\/11-e1788018217835.jpg","width":873,"height":509,"caption":"14 Luglio 2022, Calais (Francia)."},"datePublished":"2024-06-09T17:50:00+02:00","dateModified":"2026-08-29T18:14:16+02:00","inLanguage":"it-IT","mainEntityOfPage":{"@id":"https:\/\/www.luna-nuova.it\/?p=5580#webpage"},"isPartOf":{"@id":"https:\/\/www.luna-nuova.it\/?p=5580#webpage"},"articleSection":"Sconfinatamente"},{"@type":"BreadcrumbList","@id":"https:\/\/www.luna-nuova.it\/?p=5580#breadcrumblist","itemListElement":[{"@type":"ListItem","@id":"https:\/\/www.luna-nuova.it#listItem","position":1,"name":"Home","item":"https:\/\/www.luna-nuova.it","nextItem":{"@type":"ListItem","@id":"https:\/\/www.luna-nuova.it\/?cat=37#listItem","name":"Sconfinatamente"}},{"@type":"ListItem","@id":"https:\/\/www.luna-nuova.it\/?cat=37#listItem","position":2,"name":"Sconfinatamente","item":"https:\/\/www.luna-nuova.it\/?cat=37","nextItem":{"@type":"ListItem","@id":"https:\/\/www.luna-nuova.it\/?p=5580#listItem","name":"SCONFINATAMENTE"},"previousItem":{"@type":"ListItem","@id":"https:\/\/www.luna-nuova.it#listItem","name":"Home"}},{"@type":"ListItem","@id":"https:\/\/www.luna-nuova.it\/?p=5580#listItem","position":3,"name":"SCONFINATAMENTE","previousItem":{"@type":"ListItem","@id":"https:\/\/www.luna-nuova.it\/?cat=37#listItem","name":"Sconfinatamente"}}]},{"@type":"Organization","@id":"https:\/\/www.luna-nuova.it\/#organization","name":"Associazione la LUNA aps","description":"Attualit\u00e0, cultura, tradizioni, solidariet\u00e0 da Palagano e dintorni.","url":"https:\/\/www.luna-nuova.it\/","email":"redazione@luna-nuova.it","telephone":"+393393959487","logo":{"@type":"ImageObject","url":"https:\/\/www.luna-nuova.it\/wp-content\/uploads\/2026\/08\/Logo2013.jpg","@id":"https:\/\/www.luna-nuova.it\/?p=5580\/#organizationLogo","width":851,"height":491},"image":{"@id":"https:\/\/www.luna-nuova.it\/?p=5580\/#organizationLogo"},"sameAs":["https:\/\/www.facebook.com\/groups\/395803209096","https:\/\/www.instagram.com\/associazionelalunanuova\/"]},{"@type":"Person","@id":"https:\/\/www.luna-nuova.it\/?author=42#author","url":"https:\/\/www.luna-nuova.it\/?author=42","name":"Daniele Bettuzzi","image":{"@type":"ImageObject","@id":"https:\/\/www.luna-nuova.it\/?p=5580#authorImage","url":"https:\/\/secure.gravatar.com\/avatar\/4fccd8088b391d3f0847604277b87ab254f83f628e2be7586e75a66fcf0c985f?s=96&d=mm&r=g","width":96,"height":96,"caption":"Daniele Bettuzzi"}},{"@type":"WebPage","@id":"https:\/\/www.luna-nuova.it\/?p=5580#webpage","url":"https:\/\/www.luna-nuova.it\/?p=5580","name":"SCONFINATAMENTE - Associazione la LUNA","description":"Prima di tutto esseri umani. Proprio come te.","inLanguage":"it-IT","isPartOf":{"@id":"https:\/\/www.luna-nuova.it\/#website"},"breadcrumb":{"@id":"https:\/\/www.luna-nuova.it\/?p=5580#breadcrumblist"},"author":{"@id":"https:\/\/www.luna-nuova.it\/?author=42#author"},"creator":{"@id":"https:\/\/www.luna-nuova.it\/?author=42#author"},"image":{"@type":"ImageObject","url":"https:\/\/www.luna-nuova.it\/wp-content\/uploads\/2026\/08\/11-e1788018217835.jpg","@id":"https:\/\/www.luna-nuova.it\/?p=5580\/#mainImage","width":873,"height":509,"caption":"14 Luglio 2022, Calais (Francia)."},"primaryImageOfPage":{"@id":"https:\/\/www.luna-nuova.it\/?p=5580#mainImage"},"datePublished":"2024-06-09T17:50:00+02:00","dateModified":"2026-08-29T18:14:16+02:00"},{"@type":"WebSite","@id":"https:\/\/www.luna-nuova.it\/#website","url":"https:\/\/www.luna-nuova.it\/","name":"Associazione la LUNA","description":"Attualit\u00e0 - Cultura - Tradizioni - Solidariet\u00e0","inLanguage":"it-IT","publisher":{"@id":"https:\/\/www.luna-nuova.it\/#organization"}}]},"og:locale":"it_IT","og:site_name":"Associazione la LUNA - Attualit\u00e0 - Cultura - Tradizioni - Solidariet\u00e0","og:type":"article","og:title":"SCONFINATAMENTE - Associazione la LUNA","og:description":"Prima di tutto esseri umani. Proprio come te.","og:url":"https:\/\/www.luna-nuova.it\/?p=5580","article:published_time":"2024-06-09T15:50:00+00:00","article:modified_time":"2026-08-29T16:14:16+00:00","article:publisher":"https:\/\/www.facebook.com\/groups\/395803209096","twitter:card":"summary_large_image","twitter:title":"SCONFINATAMENTE - Associazione la LUNA","twitter:description":"Prima di tutto esseri umani. Proprio come te."},"aioseo_meta_data":{"post_id":"5580","title":null,"description":null,"keywords":null,"keyphrases":{"focus":{"keyphrase":"","score":0,"analysis":{"keyphraseInTitle":{"score":0,"maxScore":9,"error":1}}},"additional":[]},"focus_keyword":null,"additional_keywords":null,"truseo_locale":null,"primary_term":null,"canonical_url":null,"og_title":null,"og_description":null,"og_object_type":"default","og_image_type":"default","og_image_custom_url":null,"og_image_custom_fields":null,"og_image_url":null,"og_image_width":null,"og_image_height":null,"og_video":"","og_custom_url":null,"og_article_section":null,"og_article_tags":null,"twitter_use_og":false,"twitter_card":"default","twitter_image_type":"default","twitter_image_custom_url":null,"twitter_image_custom_fields":null,"twitter_image_url":null,"twitter_title":null,"twitter_description":null,"schema_type":"default","schema_type_options":null,"schema":{"blockGraphs":[],"customGraphs":[],"default":{"data":{"Article":[],"Course":[],"Dataset":[],"FAQPage":[],"Movie":[],"Person":[],"Product":[],"ProductReview":[],"Car":[],"Recipe":[],"Service":[],"SoftwareApplication":[],"WebPage":[]},"graphName":"BlogPosting","isEnabled":true},"graphs":[]},"pillar_content":false,"robots_default":true,"robots_noindex":false,"robots_noarchive":false,"robots_nosnippet":false,"robots_nofollow":false,"robots_noimageindex":false,"robots_noodp":false,"robots_notranslate":false,"robots_max_snippet":"-1","robots_max_videopreview":"-1","robots_max_imagepreview":"large","priority":null,"frequency":"default","local_seo":null,"limit_modified_date":false,"ai":{"faqs":[],"keyPoints":[],"schemas":[],"titles":[],"descriptions":[],"socialPosts":{"email":{"subject":"","preview":"","content":""},"linkedin":[],"twitter":[],"facebook":[],"instagram":[]}},"breadcrumb_settings":null,"seo_analyzer_scan_date":null,"created":"2026-08-29 15:51:18","updated":"2026-08-31 06:52:26"},"aioseo_breadcrumb":"<div class=\"aioseo-breadcrumbs\"><span class=\"aioseo-breadcrumb\">\n\t\t\t<a href=\"https:\/\/www.luna-nuova.it\" title=\"Home\">Home<\/a>\n\t\t<\/span><span class=\"aioseo-breadcrumb-separator\">&raquo;<\/span><span class=\"aioseo-breadcrumb\">\n\t\t\t<a href=\"https:\/\/www.luna-nuova.it\/?cat=37\" title=\"Sconfinatamente\">Sconfinatamente<\/a>\n\t\t<\/span><span class=\"aioseo-breadcrumb-separator\">&raquo;<\/span><span class=\"aioseo-breadcrumb\">\n\t\t\tSCONFINATAMENTE\n\t\t<\/span><\/div>","aioseo_breadcrumb_json":[{"label":"Home","link":"https:\/\/www.luna-nuova.it"},{"label":"Sconfinatamente","link":"https:\/\/www.luna-nuova.it\/?cat=37"},{"label":"SCONFINATAMENTE","link":"https:\/\/www.luna-nuova.it\/?p=5580"}],"acf":[],"_links":{"self":[{"href":"https:\/\/www.luna-nuova.it\/index.php?rest_route=\/wp\/v2\/posts\/5580","targetHints":{"allow":["GET"]}}],"collection":[{"href":"https:\/\/www.luna-nuova.it\/index.php?rest_route=\/wp\/v2\/posts"}],"about":[{"href":"https:\/\/www.luna-nuova.it\/index.php?rest_route=\/wp\/v2\/types\/post"}],"author":[{"embeddable":true,"href":"https:\/\/www.luna-nuova.it\/index.php?rest_route=\/wp\/v2\/users\/42"}],"replies":[{"embeddable":true,"href":"https:\/\/www.luna-nuova.it\/index.php?rest_route=%2Fwp%2Fv2%2Fcomments&post=5580"}],"version-history":[{"count":2,"href":"https:\/\/www.luna-nuova.it\/index.php?rest_route=\/wp\/v2\/posts\/5580\/revisions"}],"predecessor-version":[{"id":5585,"href":"https:\/\/www.luna-nuova.it\/index.php?rest_route=\/wp\/v2\/posts\/5580\/revisions\/5585"}],"wp:featuredmedia":[{"embeddable":true,"href":"https:\/\/www.luna-nuova.it\/index.php?rest_route=\/wp\/v2\/media\/5579"}],"wp:attachment":[{"href":"https:\/\/www.luna-nuova.it\/index.php?rest_route=%2Fwp%2Fv2%2Fmedia&parent=5580"}],"wp:term":[{"taxonomy":"category","embeddable":true,"href":"https:\/\/www.luna-nuova.it\/index.php?rest_route=%2Fwp%2Fv2%2Fcategories&post=5580"},{"taxonomy":"post_tag","embeddable":true,"href":"https:\/\/www.luna-nuova.it\/index.php?rest_route=%2Fwp%2Fv2%2Ftags&post=5580"}],"curies":[{"name":"wp","href":"https:\/\/api.w.org\/{rel}","templated":true}]}}