{"id":5543,"date":"2024-06-09T10:38:00","date_gmt":"2024-06-09T08:38:00","guid":{"rendered":"https:\/\/www.luna-nuova.it\/?p=5543"},"modified":"2026-08-29T10:42:35","modified_gmt":"2026-08-29T08:42:35","slug":"innovazione-in-pluriclasse","status":"publish","type":"post","link":"https:\/\/www.luna-nuova.it\/?p=5543","title":{"rendered":"INNOVAZIONE IN PLURICLASSE"},"content":{"rendered":"\n<figure class=\"wp-block-image size-full\"><img decoding=\"async\" width=\"1024\" height=\"570\" data-src=\"https:\/\/www.luna-nuova.it\/wp-content\/uploads\/2026\/08\/Scuola-di-Monchio-e1787992646750.jpg\" alt=\"\" class=\"wp-image-5542 lazyload\" data-srcset=\"https:\/\/www.luna-nuova.it\/wp-content\/uploads\/2026\/08\/Scuola-di-Monchio-e1787992646750.jpg 1024w, https:\/\/www.luna-nuova.it\/wp-content\/uploads\/2026\/08\/Scuola-di-Monchio-e1787992646750-300x167.jpg 300w, https:\/\/www.luna-nuova.it\/wp-content\/uploads\/2026\/08\/Scuola-di-Monchio-e1787992646750-768x428.jpg 768w\" data-sizes=\"(max-width: 1024px) 100vw, 1024px\" src=\"data:image\/svg+xml;base64,PHN2ZyB3aWR0aD0iMSIgaGVpZ2h0PSIxIiB4bWxucz0iaHR0cDovL3d3dy53My5vcmcvMjAwMC9zdmciPjwvc3ZnPg==\" style=\"--smush-placeholder-width: 1024px; --smush-placeholder-aspect-ratio: 1024\/570;\" \/><\/figure>\n\n\n\n<p class=\"has-text-align-right wp-block-paragraph\"><a href=\"https:\/\/www.luna-nuova.it\/wp-content\/uploads\/2026\/01\/65-ln-giugno-2024-WEB.pdf\" data-type=\"attachment\" data-id=\"482\">la <strong>LUNA <\/strong><em>nuova <\/em>&#8211; Giugno 2024<\/a><\/p>\n\n\n\n<div style=\"height:34px\" aria-hidden=\"true\" class=\"wp-block-spacer\"><\/div>\n\n\n\n<p class=\"wp-block-paragraph\" style=\"font-size:20px\"><strong>Patrizia Dignatici<\/strong><\/p>\n\n\n\n<p class=\"wp-block-paragraph\" style=\"font-size:20px\">Alla fine di gennaio 2024, all\u2019interno delle Percorso co-finanziato con risorse del Programma Fondo sociale europeo Plus 2021\/2027 della Regione Emilia-Romagna, scadeva la presentazione delle domande per ottenere un finanziamento ad hoc per le pluriclassi, da utilizzare in azioni per il contrasto alle povert\u00e0 educative a favore degli studenti delle pluriclassi nelle piccole scuole di montagna.<br>L\u2019Amministrazione Comunale, titolare del procedimento, si \u00e8 attivata per ottenere il finanziamento, presentando un progetto che raccoglieva esigenze e richieste dei docenti delle pluriclassi di Monchio e di Palagano. <\/p>\n\n\n\n<p class=\"wp-block-paragraph\" style=\"font-size:20px\">Per Monchio il progetto \u201cInnovazione in pluriclasse\u201d, finanziato con 8.500 euro, prevede: un progetto \u201cLa scienza attorno a noi\u201d condotto da un esperto del Museo della Bilancia di Campogalliano, che prevede diversi incontri in classe e che si pone come obiettivo la costruzione di conoscenze scientifiche ricavate dall\u2019osservazione di eventi quotidiani, utilizzando il laboratorio come momento di formazione scientifica attiva.<br>Parte integrante del progetto sar\u00e0 la visita al Museo del Bal\u00ec di Fano, in autunno, ove svolgere attivit\u00e0 sperimentali hands-on e partecipare ad un laboratorio a tema, scelto al momento della programmazione della visita. Alla visita prender\u00e0 parte anche l\u2019esperto esterno come guida per le attivit\u00e0 proposte dal museo.<br>Come comunit\u00e0 che ruota intorno alla piccola scuola di Monchio, dai docenti, alle famiglie e agli alunni, non possiamo far altro che esprimere grande soddisfazione per questo finanziamento, che offre l\u2019opportunit\u00e0 ai nostri ragazzi di partecipare ad esperienze significative e che riconosce il valore della pluriclasse come presidio educativo insostituibile.<br>Inoltre, saper di poter contare su questo finanziamento anche per i prossimi due anni, ci consente una programmazione di ampio respiro e una continuit\u00e0 progettuale davvero utile per conseguire obiettivi significativi e duraturi.<\/p>\n\n\n\n<p class=\"wp-block-paragraph\">un laboratorio teatrale, che ha come punto di partenza l\u2019albo illustrato \u201cLa Petite Casserole d\u2019Anatole\u201d nella traduzione italiana \u201cIl pentolino di Antonino\u201d. Il testo, attraverso la metafora del pentolino, affronta il tema delle difficolt\u00e0 (di natura anche molto diverse tra loro) incontrate dai bambini nel percorso di crescita e nell\u2019evolversi della storia fornisce spunti e argomenti di riflessione e condivisione su questa tematica.<br>Il laboratorio, iniziato ad aprile, terminer\u00e0 a giugno con una lezione aperta alle famiglie dei bambini, durante la festa di fine anno ed \u00e8 tenuto dall\u2019Associazione Quinta Parete, un\u2019associazione di promozione sociale nata nel 2006;<\/p>\n\n\n\n<p class=\"wp-block-paragraph\">un laboratorio sul tema della memoria, in particolare sulla strage del 18 marzo 1944;<\/p>\n\n\n\n<p class=\"wp-block-paragraph\">un\u2019uscita a Pisa in giugno a conclusione di un progetto iniziato a settembre, \u201cPenne amiche della Scienza\u201d.<br>A Pisa i bambini incontreranno la Prof.ssa Scilla Degli Innocenti, Astrofisica, docente all\u2019Universit\u00e0 di Pisa, che ha guidato gli alunni della pluriclasse nella conoscenza dello spazio e del Sistema Solare, attraverso un fitto scambio di mail;<\/p>\n","protected":false},"excerpt":{"rendered":"<p>Alla fine di gennaio 2024, all\u2019interno delle Percorso co-finanziato con risorse del Programma Fondo sociale europeo Plus 2021\/2027 della Regione Emilia-Romagna, scadeva la presentazione delle domande per ottenere un finanziamento ad hoc per le pluriclassi, da utilizzare in azioni per il contrasto alle povert\u00e0 educative a favore degli studenti delle pluriclassi nelle piccole scuole di montagna.<\/p>\n","protected":false},"author":3,"featured_media":5542,"comment_status":"open","ping_status":"open","sticky":false,"template":"","format":"standard","meta":{"_acf_changed":false,"footnotes":""},"categories":[11],"tags":[],"class_list":["post-5543","post","type-post","status-publish","format-standard","has-post-thumbnail","hentry","category-scuola"],"aioseo_notices":[],"aioseo_head":"\n\t\t<!-- All in One SEO 5.0.1.1 - aioseo.com -->\n\t<meta name=\"description\" content=\"Alla fine di gennaio 2024, all\u2019interno delle Percorso co-finanziato con risorse del Programma Fondo sociale europeo Plus 2021\/2027 della Regione Emilia-Romagna, scadeva la presentazione delle domande per ottenere un finanziamento ad hoc per le pluriclassi, da utilizzare in azioni per il contrasto alle povert\u00e0 educative a favore degli studenti delle pluriclassi nelle piccole scuole di montagna.\" \/>\n\t<meta name=\"robots\" content=\"max-image-preview:large\" \/>\n\t<meta name=\"author\" content=\"Patrizia Dignatici\"\/>\n\t<link rel=\"canonical\" href=\"https:\/\/www.luna-nuova.it\/?p=5543\" \/>\n\t<meta name=\"generator\" content=\"All in One SEO (AIOSEO) 5.0.1.1\" \/>\n\t\t<meta property=\"og:locale\" content=\"it_IT\" \/>\n\t\t<meta property=\"og:site_name\" content=\"Associazione la LUNA - Attualit\u00e0 - Cultura - Tradizioni - Solidariet\u00e0\" \/>\n\t\t<meta property=\"og:type\" content=\"article\" \/>\n\t\t<meta property=\"og:title\" content=\"INNOVAZIONE IN PLURICLASSE - Associazione la LUNA\" \/>\n\t\t<meta property=\"og:description\" content=\"Alla fine di gennaio 2024, all\u2019interno delle Percorso co-finanziato con risorse del Programma Fondo sociale europeo Plus 2021\/2027 della Regione Emilia-Romagna, scadeva la presentazione delle domande per ottenere un finanziamento ad hoc per le pluriclassi, da utilizzare in azioni per il contrasto alle povert\u00e0 educative a favore degli studenti delle pluriclassi nelle piccole scuole di montagna.\" \/>\n\t\t<meta property=\"og:url\" content=\"https:\/\/www.luna-nuova.it\/?p=5543\" \/>\n\t\t<meta property=\"article:published_time\" content=\"2024-06-09T08:38:00+00:00\" \/>\n\t\t<meta property=\"article:modified_time\" content=\"2026-08-29T08:42:35+00:00\" \/>\n\t\t<meta property=\"article:publisher\" content=\"https:\/\/www.facebook.com\/groups\/395803209096\" \/>\n\t\t<meta name=\"twitter:card\" content=\"summary_large_image\" \/>\n\t\t<meta name=\"twitter:title\" content=\"INNOVAZIONE IN PLURICLASSE - Associazione la LUNA\" \/>\n\t\t<meta name=\"twitter:description\" content=\"Alla fine di gennaio 2024, all\u2019interno delle Percorso co-finanziato con risorse del Programma Fondo sociale europeo Plus 2021\/2027 della Regione Emilia-Romagna, scadeva la presentazione delle domande per ottenere un finanziamento ad hoc per le pluriclassi, da utilizzare in azioni per il contrasto alle povert\u00e0 educative a favore degli studenti delle pluriclassi nelle piccole scuole di montagna.\" \/>\n\t\t<script type=\"application\/ld+json\" class=\"aioseo-schema\">\n\t\t\t{\"@context\":\"https:\\\/\\\/schema.org\",\"@graph\":[{\"@type\":\"BlogPosting\",\"@id\":\"https:\\\/\\\/www.luna-nuova.it\\\/?p=5543#blogposting\",\"name\":\"INNOVAZIONE IN PLURICLASSE - Associazione la LUNA\",\"headline\":\"INNOVAZIONE IN PLURICLASSE\",\"author\":{\"@id\":\"https:\\\/\\\/www.luna-nuova.it\\\/?author=3#author\"},\"publisher\":{\"@id\":\"https:\\\/\\\/www.luna-nuova.it\\\/#organization\"},\"image\":{\"@type\":\"ImageObject\",\"url\":\"https:\\\/\\\/www.luna-nuova.it\\\/wp-content\\\/uploads\\\/2026\\\/08\\\/Scuola-di-Monchio-e1787992646750.jpg\",\"width\":1024,\"height\":570},\"datePublished\":\"2024-06-09T10:38:00+02:00\",\"dateModified\":\"2026-08-29T10:42:35+02:00\",\"inLanguage\":\"it-IT\",\"mainEntityOfPage\":{\"@id\":\"https:\\\/\\\/www.luna-nuova.it\\\/?p=5543#webpage\"},\"isPartOf\":{\"@id\":\"https:\\\/\\\/www.luna-nuova.it\\\/?p=5543#webpage\"},\"articleSection\":\"Scuola\"},{\"@type\":\"BreadcrumbList\",\"@id\":\"https:\\\/\\\/www.luna-nuova.it\\\/?p=5543#breadcrumblist\",\"itemListElement\":[{\"@type\":\"ListItem\",\"@id\":\"https:\\\/\\\/www.luna-nuova.it#listItem\",\"position\":1,\"name\":\"Home\",\"item\":\"https:\\\/\\\/www.luna-nuova.it\",\"nextItem\":{\"@type\":\"ListItem\",\"@id\":\"https:\\\/\\\/www.luna-nuova.it\\\/?cat=11#listItem\",\"name\":\"Scuola\"}},{\"@type\":\"ListItem\",\"@id\":\"https:\\\/\\\/www.luna-nuova.it\\\/?cat=11#listItem\",\"position\":2,\"name\":\"Scuola\",\"item\":\"https:\\\/\\\/www.luna-nuova.it\\\/?cat=11\",\"nextItem\":{\"@type\":\"ListItem\",\"@id\":\"https:\\\/\\\/www.luna-nuova.it\\\/?p=5543#listItem\",\"name\":\"INNOVAZIONE IN PLURICLASSE\"},\"previousItem\":{\"@type\":\"ListItem\",\"@id\":\"https:\\\/\\\/www.luna-nuova.it#listItem\",\"name\":\"Home\"}},{\"@type\":\"ListItem\",\"@id\":\"https:\\\/\\\/www.luna-nuova.it\\\/?p=5543#listItem\",\"position\":3,\"name\":\"INNOVAZIONE IN PLURICLASSE\",\"previousItem\":{\"@type\":\"ListItem\",\"@id\":\"https:\\\/\\\/www.luna-nuova.it\\\/?cat=11#listItem\",\"name\":\"Scuola\"}}]},{\"@type\":\"Organization\",\"@id\":\"https:\\\/\\\/www.luna-nuova.it\\\/#organization\",\"name\":\"Associazione la LUNA aps\",\"description\":\"Attualit\\u00e0, cultura, tradizioni, solidariet\\u00e0 da Palagano e dintorni.\",\"url\":\"https:\\\/\\\/www.luna-nuova.it\\\/\",\"email\":\"redazione@luna-nuova.it\",\"telephone\":\"+393393959487\",\"logo\":{\"@type\":\"ImageObject\",\"url\":\"https:\\\/\\\/www.luna-nuova.it\\\/wp-content\\\/uploads\\\/2026\\\/08\\\/Logo2013.jpg\",\"@id\":\"https:\\\/\\\/www.luna-nuova.it\\\/?p=5543\\\/#organizationLogo\",\"width\":851,\"height\":491},\"image\":{\"@id\":\"https:\\\/\\\/www.luna-nuova.it\\\/?p=5543\\\/#organizationLogo\"},\"sameAs\":[\"https:\\\/\\\/www.facebook.com\\\/groups\\\/395803209096\",\"https:\\\/\\\/www.instagram.com\\\/associazionelalunanuova\\\/\"]},{\"@type\":\"Person\",\"@id\":\"https:\\\/\\\/www.luna-nuova.it\\\/?author=3#author\",\"url\":\"https:\\\/\\\/www.luna-nuova.it\\\/?author=3\",\"name\":\"Patrizia Dignatici\",\"image\":{\"@type\":\"ImageObject\",\"@id\":\"https:\\\/\\\/www.luna-nuova.it\\\/?p=5543#authorImage\",\"url\":\"https:\\\/\\\/secure.gravatar.com\\\/avatar\\\/5a270f486c2c187a2d1586c0ded0ad138e2eaded7465346f1e1e2e3f2523bc38?s=96&d=mm&r=g\",\"width\":96,\"height\":96,\"caption\":\"Patrizia Dignatici\"}},{\"@type\":\"WebPage\",\"@id\":\"https:\\\/\\\/www.luna-nuova.it\\\/?p=5543#webpage\",\"url\":\"https:\\\/\\\/www.luna-nuova.it\\\/?p=5543\",\"name\":\"INNOVAZIONE IN PLURICLASSE - Associazione la LUNA\",\"description\":\"Alla fine di gennaio 2024, all\\u2019interno delle Percorso co-finanziato con risorse del Programma Fondo sociale europeo Plus 2021\\\/2027 della Regione Emilia-Romagna, scadeva la presentazione delle domande per ottenere un finanziamento ad hoc per le pluriclassi, da utilizzare in azioni per il contrasto alle povert\\u00e0 educative a favore degli studenti delle pluriclassi nelle piccole scuole di montagna.\",\"inLanguage\":\"it-IT\",\"isPartOf\":{\"@id\":\"https:\\\/\\\/www.luna-nuova.it\\\/#website\"},\"breadcrumb\":{\"@id\":\"https:\\\/\\\/www.luna-nuova.it\\\/?p=5543#breadcrumblist\"},\"author\":{\"@id\":\"https:\\\/\\\/www.luna-nuova.it\\\/?author=3#author\"},\"creator\":{\"@id\":\"https:\\\/\\\/www.luna-nuova.it\\\/?author=3#author\"},\"image\":{\"@type\":\"ImageObject\",\"url\":\"https:\\\/\\\/www.luna-nuova.it\\\/wp-content\\\/uploads\\\/2026\\\/08\\\/Scuola-di-Monchio-e1787992646750.jpg\",\"@id\":\"https:\\\/\\\/www.luna-nuova.it\\\/?p=5543\\\/#mainImage\",\"width\":1024,\"height\":570},\"primaryImageOfPage\":{\"@id\":\"https:\\\/\\\/www.luna-nuova.it\\\/?p=5543#mainImage\"},\"datePublished\":\"2024-06-09T10:38:00+02:00\",\"dateModified\":\"2026-08-29T10:42:35+02:00\"},{\"@type\":\"WebSite\",\"@id\":\"https:\\\/\\\/www.luna-nuova.it\\\/#website\",\"url\":\"https:\\\/\\\/www.luna-nuova.it\\\/\",\"name\":\"Associazione la LUNA\",\"description\":\"Attualit\\u00e0 - Cultura - Tradizioni - Solidariet\\u00e0\",\"inLanguage\":\"it-IT\",\"publisher\":{\"@id\":\"https:\\\/\\\/www.luna-nuova.it\\\/#organization\"}}]}\n\t\t<\/script>\n\t\t<!-- All in One SEO -->\n\n","aioseo_head_json":{"title":"INNOVAZIONE IN PLURICLASSE - Associazione la LUNA","description":"Alla fine di gennaio 2024, all\u2019interno delle Percorso co-finanziato con risorse del Programma Fondo sociale europeo Plus 2021\/2027 della Regione Emilia-Romagna, scadeva la presentazione delle domande per ottenere un finanziamento ad hoc per le pluriclassi, da utilizzare in azioni per il contrasto alle povert\u00e0 educative a favore degli studenti delle pluriclassi nelle piccole scuole di montagna.","canonical_url":"https:\/\/www.luna-nuova.it\/?p=5543","robots":"max-image-preview:large","keywords":"","webmasterTools":{"miscellaneous":""},"schema":{"@context":"https:\/\/schema.org","@graph":[{"@type":"BlogPosting","@id":"https:\/\/www.luna-nuova.it\/?p=5543#blogposting","name":"INNOVAZIONE IN PLURICLASSE - Associazione la LUNA","headline":"INNOVAZIONE IN PLURICLASSE","author":{"@id":"https:\/\/www.luna-nuova.it\/?author=3#author"},"publisher":{"@id":"https:\/\/www.luna-nuova.it\/#organization"},"image":{"@type":"ImageObject","url":"https:\/\/www.luna-nuova.it\/wp-content\/uploads\/2026\/08\/Scuola-di-Monchio-e1787992646750.jpg","width":1024,"height":570},"datePublished":"2024-06-09T10:38:00+02:00","dateModified":"2026-08-29T10:42:35+02:00","inLanguage":"it-IT","mainEntityOfPage":{"@id":"https:\/\/www.luna-nuova.it\/?p=5543#webpage"},"isPartOf":{"@id":"https:\/\/www.luna-nuova.it\/?p=5543#webpage"},"articleSection":"Scuola"},{"@type":"BreadcrumbList","@id":"https:\/\/www.luna-nuova.it\/?p=5543#breadcrumblist","itemListElement":[{"@type":"ListItem","@id":"https:\/\/www.luna-nuova.it#listItem","position":1,"name":"Home","item":"https:\/\/www.luna-nuova.it","nextItem":{"@type":"ListItem","@id":"https:\/\/www.luna-nuova.it\/?cat=11#listItem","name":"Scuola"}},{"@type":"ListItem","@id":"https:\/\/www.luna-nuova.it\/?cat=11#listItem","position":2,"name":"Scuola","item":"https:\/\/www.luna-nuova.it\/?cat=11","nextItem":{"@type":"ListItem","@id":"https:\/\/www.luna-nuova.it\/?p=5543#listItem","name":"INNOVAZIONE IN PLURICLASSE"},"previousItem":{"@type":"ListItem","@id":"https:\/\/www.luna-nuova.it#listItem","name":"Home"}},{"@type":"ListItem","@id":"https:\/\/www.luna-nuova.it\/?p=5543#listItem","position":3,"name":"INNOVAZIONE IN PLURICLASSE","previousItem":{"@type":"ListItem","@id":"https:\/\/www.luna-nuova.it\/?cat=11#listItem","name":"Scuola"}}]},{"@type":"Organization","@id":"https:\/\/www.luna-nuova.it\/#organization","name":"Associazione la LUNA aps","description":"Attualit\u00e0, cultura, tradizioni, solidariet\u00e0 da Palagano e dintorni.","url":"https:\/\/www.luna-nuova.it\/","email":"redazione@luna-nuova.it","telephone":"+393393959487","logo":{"@type":"ImageObject","url":"https:\/\/www.luna-nuova.it\/wp-content\/uploads\/2026\/08\/Logo2013.jpg","@id":"https:\/\/www.luna-nuova.it\/?p=5543\/#organizationLogo","width":851,"height":491},"image":{"@id":"https:\/\/www.luna-nuova.it\/?p=5543\/#organizationLogo"},"sameAs":["https:\/\/www.facebook.com\/groups\/395803209096","https:\/\/www.instagram.com\/associazionelalunanuova\/"]},{"@type":"Person","@id":"https:\/\/www.luna-nuova.it\/?author=3#author","url":"https:\/\/www.luna-nuova.it\/?author=3","name":"Patrizia Dignatici","image":{"@type":"ImageObject","@id":"https:\/\/www.luna-nuova.it\/?p=5543#authorImage","url":"https:\/\/secure.gravatar.com\/avatar\/5a270f486c2c187a2d1586c0ded0ad138e2eaded7465346f1e1e2e3f2523bc38?s=96&d=mm&r=g","width":96,"height":96,"caption":"Patrizia Dignatici"}},{"@type":"WebPage","@id":"https:\/\/www.luna-nuova.it\/?p=5543#webpage","url":"https:\/\/www.luna-nuova.it\/?p=5543","name":"INNOVAZIONE IN PLURICLASSE - Associazione la LUNA","description":"Alla fine di gennaio 2024, all\u2019interno delle Percorso co-finanziato con risorse del Programma Fondo sociale europeo Plus 2021\/2027 della Regione Emilia-Romagna, scadeva la presentazione delle domande per ottenere un finanziamento ad hoc per le pluriclassi, da utilizzare in azioni per il contrasto alle povert\u00e0 educative a favore degli studenti delle pluriclassi nelle piccole scuole di montagna.","inLanguage":"it-IT","isPartOf":{"@id":"https:\/\/www.luna-nuova.it\/#website"},"breadcrumb":{"@id":"https:\/\/www.luna-nuova.it\/?p=5543#breadcrumblist"},"author":{"@id":"https:\/\/www.luna-nuova.it\/?author=3#author"},"creator":{"@id":"https:\/\/www.luna-nuova.it\/?author=3#author"},"image":{"@type":"ImageObject","url":"https:\/\/www.luna-nuova.it\/wp-content\/uploads\/2026\/08\/Scuola-di-Monchio-e1787992646750.jpg","@id":"https:\/\/www.luna-nuova.it\/?p=5543\/#mainImage","width":1024,"height":570},"primaryImageOfPage":{"@id":"https:\/\/www.luna-nuova.it\/?p=5543#mainImage"},"datePublished":"2024-06-09T10:38:00+02:00","dateModified":"2026-08-29T10:42:35+02:00"},{"@type":"WebSite","@id":"https:\/\/www.luna-nuova.it\/#website","url":"https:\/\/www.luna-nuova.it\/","name":"Associazione la LUNA","description":"Attualit\u00e0 - Cultura - Tradizioni - Solidariet\u00e0","inLanguage":"it-IT","publisher":{"@id":"https:\/\/www.luna-nuova.it\/#organization"}}]},"og:locale":"it_IT","og:site_name":"Associazione la LUNA - Attualit\u00e0 - Cultura - Tradizioni - Solidariet\u00e0","og:type":"article","og:title":"INNOVAZIONE IN PLURICLASSE - Associazione la LUNA","og:description":"Alla fine di gennaio 2024, all\u2019interno delle Percorso co-finanziato con risorse del Programma Fondo sociale europeo Plus 2021\/2027 della Regione Emilia-Romagna, scadeva la presentazione delle domande per ottenere un finanziamento ad hoc per le pluriclassi, da utilizzare in azioni per il contrasto alle povert\u00e0 educative a favore degli studenti delle pluriclassi nelle piccole scuole di montagna.","og:url":"https:\/\/www.luna-nuova.it\/?p=5543","article:published_time":"2024-06-09T08:38:00+00:00","article:modified_time":"2026-08-29T08:42:35+00:00","article:publisher":"https:\/\/www.facebook.com\/groups\/395803209096","twitter:card":"summary_large_image","twitter:title":"INNOVAZIONE IN PLURICLASSE - Associazione la LUNA","twitter:description":"Alla fine di gennaio 2024, all\u2019interno delle Percorso co-finanziato con risorse del Programma Fondo sociale europeo Plus 2021\/2027 della Regione Emilia-Romagna, scadeva la presentazione delle domande per ottenere un finanziamento ad hoc per le pluriclassi, da utilizzare in azioni per il contrasto alle povert\u00e0 educative a favore degli studenti delle pluriclassi nelle piccole scuole di montagna."},"aioseo_meta_data":{"post_id":"5543","title":null,"description":null,"keywords":null,"keyphrases":{"focus":{"keyphrase":"","score":0,"analysis":{"keyphraseInTitle":{"score":0,"maxScore":9,"error":1}}},"additional":[]},"focus_keyword":null,"additional_keywords":null,"truseo_locale":null,"primary_term":null,"canonical_url":null,"og_title":null,"og_description":null,"og_object_type":"default","og_image_type":"default","og_image_custom_url":null,"og_image_custom_fields":null,"og_image_url":null,"og_image_width":null,"og_image_height":null,"og_video":"","og_custom_url":null,"og_article_section":null,"og_article_tags":null,"twitter_use_og":false,"twitter_card":"default","twitter_image_type":"default","twitter_image_custom_url":null,"twitter_image_custom_fields":null,"twitter_image_url":null,"twitter_title":null,"twitter_description":null,"schema_type":"default","schema_type_options":null,"schema":{"blockGraphs":[],"customGraphs":[],"default":{"data":{"Article":[],"Course":[],"Dataset":[],"FAQPage":[],"Movie":[],"Person":[],"Product":[],"ProductReview":[],"Car":[],"Recipe":[],"Service":[],"SoftwareApplication":[],"WebPage":[]},"graphName":"BlogPosting","isEnabled":true},"graphs":[]},"pillar_content":false,"robots_default":true,"robots_noindex":false,"robots_noarchive":false,"robots_nosnippet":false,"robots_nofollow":false,"robots_noimageindex":false,"robots_noodp":false,"robots_notranslate":false,"robots_max_snippet":"-1","robots_max_videopreview":"-1","robots_max_imagepreview":"large","priority":null,"frequency":"default","local_seo":null,"limit_modified_date":false,"ai":{"faqs":[],"keyPoints":[],"schemas":[],"titles":[],"descriptions":[],"socialPosts":{"email":{"subject":"","preview":"","content":""},"linkedin":[],"twitter":[],"facebook":[],"instagram":[]}},"breadcrumb_settings":null,"seo_analyzer_scan_date":null,"created":"2026-08-29 08:38:38","updated":"2026-08-29 10:26:57"},"aioseo_breadcrumb":"<div class=\"aioseo-breadcrumbs\"><span class=\"aioseo-breadcrumb\">\n\t\t\t<a href=\"https:\/\/www.luna-nuova.it\" title=\"Home\">Home<\/a>\n\t\t<\/span><span class=\"aioseo-breadcrumb-separator\">&raquo;<\/span><span class=\"aioseo-breadcrumb\">\n\t\t\t<a href=\"https:\/\/www.luna-nuova.it\/?cat=11\" title=\"Scuola\">Scuola<\/a>\n\t\t<\/span><span class=\"aioseo-breadcrumb-separator\">&raquo;<\/span><span class=\"aioseo-breadcrumb\">\n\t\t\tINNOVAZIONE IN PLURICLASSE\n\t\t<\/span><\/div>","aioseo_breadcrumb_json":[{"label":"Home","link":"https:\/\/www.luna-nuova.it"},{"label":"Scuola","link":"https:\/\/www.luna-nuova.it\/?cat=11"},{"label":"INNOVAZIONE IN PLURICLASSE","link":"https:\/\/www.luna-nuova.it\/?p=5543"}],"acf":[],"_links":{"self":[{"href":"https:\/\/www.luna-nuova.it\/index.php?rest_route=\/wp\/v2\/posts\/5543","targetHints":{"allow":["GET"]}}],"collection":[{"href":"https:\/\/www.luna-nuova.it\/index.php?rest_route=\/wp\/v2\/posts"}],"about":[{"href":"https:\/\/www.luna-nuova.it\/index.php?rest_route=\/wp\/v2\/types\/post"}],"author":[{"embeddable":true,"href":"https:\/\/www.luna-nuova.it\/index.php?rest_route=\/wp\/v2\/users\/3"}],"replies":[{"embeddable":true,"href":"https:\/\/www.luna-nuova.it\/index.php?rest_route=%2Fwp%2Fv2%2Fcomments&post=5543"}],"version-history":[{"count":1,"href":"https:\/\/www.luna-nuova.it\/index.php?rest_route=\/wp\/v2\/posts\/5543\/revisions"}],"predecessor-version":[{"id":5544,"href":"https:\/\/www.luna-nuova.it\/index.php?rest_route=\/wp\/v2\/posts\/5543\/revisions\/5544"}],"wp:featuredmedia":[{"embeddable":true,"href":"https:\/\/www.luna-nuova.it\/index.php?rest_route=\/wp\/v2\/media\/5542"}],"wp:attachment":[{"href":"https:\/\/www.luna-nuova.it\/index.php?rest_route=%2Fwp%2Fv2%2Fmedia&parent=5543"}],"wp:term":[{"taxonomy":"category","embeddable":true,"href":"https:\/\/www.luna-nuova.it\/index.php?rest_route=%2Fwp%2Fv2%2Fcategories&post=5543"},{"taxonomy":"post_tag","embeddable":true,"href":"https:\/\/www.luna-nuova.it\/index.php?rest_route=%2Fwp%2Fv2%2Ftags&post=5543"}],"curies":[{"name":"wp","href":"https:\/\/api.w.org\/{rel}","templated":true}]}}