{"id":5522,"date":"2024-06-09T12:37:00","date_gmt":"2024-06-09T10:37:00","guid":{"rendered":"https:\/\/www.luna-nuova.it\/?p=5522"},"modified":"2026-08-29T09:53:11","modified_gmt":"2026-08-29T07:53:11","slug":"medaglie-donore-agli-internati-militari-italiani","status":"publish","type":"post","link":"https:\/\/www.luna-nuova.it\/?p=5522","title":{"rendered":"MEDAGLIE D&#8217;ONORE AGLI INTERNATI MILITARI ITALIANI"},"content":{"rendered":"\n<p class=\"wp-block-paragraph\" style=\"font-size:20px\"><mark style=\"background-color:rgba(0, 0, 0, 0)\" class=\"has-inline-color has-luminous-vivid-orange-color\">Medaglie d\u2019Onore ai discendenti di 44 internati militari italiani provenienti soprattutto dai comuni di Montefiorino, Palagano e Frassinoro.<\/mark><\/p>\n\n\n<ul style=\"--columns: 2;--space: 0px;--min-width: 0px\" class=\"filebird-block-filebird-gallery wp-block-gallery blocks-gallery-grid columns-2 is-cropped wp-block-filebird-block-filebird-gallery\"><li class=\"blocks-gallery-item\"><figure><img decoding=\"async\" width=\"1632\" height=\"778\" data-src=\"https:\/\/www.luna-nuova.it\/wp-content\/uploads\/2026\/08\/2-2-e1787912531182.jpg\" alt=\"2\" class=\"wp-image-5521 lazyload\" data-srcset=\"https:\/\/www.luna-nuova.it\/wp-content\/uploads\/2026\/08\/2-2-e1787912531182.jpg 1632w, https:\/\/www.luna-nuova.it\/wp-content\/uploads\/2026\/08\/2-2-e1787912531182-300x143.jpg 300w, https:\/\/www.luna-nuova.it\/wp-content\/uploads\/2026\/08\/2-2-e1787912531182-1024x488.jpg 1024w, https:\/\/www.luna-nuova.it\/wp-content\/uploads\/2026\/08\/2-2-e1787912531182-768x366.jpg 768w, https:\/\/www.luna-nuova.it\/wp-content\/uploads\/2026\/08\/2-2-e1787912531182-1536x732.jpg 1536w\" data-sizes=\"(max-width: 1632px) 100vw, 1632px\" src=\"data:image\/svg+xml;base64,PHN2ZyB3aWR0aD0iMSIgaGVpZ2h0PSIxIiB4bWxucz0iaHR0cDovL3d3dy53My5vcmcvMjAwMC9zdmciPjwvc3ZnPg==\" style=\"--smush-placeholder-width: 1632px; --smush-placeholder-aspect-ratio: 1632\/778;\" \/><\/figure><\/li><li class=\"blocks-gallery-item\"><figure><img decoding=\"async\" width=\"1750\" height=\"816\" data-src=\"https:\/\/www.luna-nuova.it\/wp-content\/uploads\/2026\/08\/1-2-e1787912555294.jpg\" alt=\"1\" class=\"wp-image-5520 lazyload\" data-srcset=\"https:\/\/www.luna-nuova.it\/wp-content\/uploads\/2026\/08\/1-2-e1787912555294.jpg 1750w, https:\/\/www.luna-nuova.it\/wp-content\/uploads\/2026\/08\/1-2-e1787912555294-300x140.jpg 300w, https:\/\/www.luna-nuova.it\/wp-content\/uploads\/2026\/08\/1-2-e1787912555294-1024x477.jpg 1024w, https:\/\/www.luna-nuova.it\/wp-content\/uploads\/2026\/08\/1-2-e1787912555294-768x358.jpg 768w, https:\/\/www.luna-nuova.it\/wp-content\/uploads\/2026\/08\/1-2-e1787912555294-1536x716.jpg 1536w\" data-sizes=\"(max-width: 1750px) 100vw, 1750px\" src=\"data:image\/svg+xml;base64,PHN2ZyB3aWR0aD0iMSIgaGVpZ2h0PSIxIiB4bWxucz0iaHR0cDovL3d3dy53My5vcmcvMjAwMC9zdmciPjwvc3ZnPg==\" style=\"--smush-placeholder-width: 1750px; --smush-placeholder-aspect-ratio: 1750\/816;\" \/><\/figure><\/li><\/ul>\n\n\n<p class=\"has-text-align-right wp-block-paragraph\"><a href=\"https:\/\/www.luna-nuova.it\/wp-content\/uploads\/2026\/01\/65-ln-giugno-2024-WEB.pdf\" data-type=\"attachment\" data-id=\"482\">la <strong>LUNA <\/strong><em>nuova <\/em>&#8211; Giugno 2024<\/a><\/p>\n\n\n\n<div style=\"height:34px\" aria-hidden=\"true\" class=\"wp-block-spacer\"><\/div>\n\n\n\n<p class=\"wp-block-paragraph\" style=\"font-size:20px\"><strong>Davide Bettuzzi<\/strong><\/p>\n\n\n\n<p class=\"wp-block-paragraph\" style=\"font-size:20px\">Dopo 80 anni, nella ricorrenza della \u201cGiornata della memoria\u201d, il 28 gennaio scorso, presso l&#8217;Accademia Militare di Modena, viene riconosciuta la vicenda di una piccola parte dei 650.000 internati militari italiani provenienti dalle valli del Dragone e Dolo, passata in secondo piano all&#8217;ombra della pi\u00f9 nota storia sulla resistenza operata dai partigiani contro il nazifascismo.<br>\u00e8 stato soprattutto il meticoloso studio fatto da Aldo Magnoni e dalla figlia Emma, condotto tra i numerosissimi faldoni dell&#8217;archivio di stato di Modena e da altri dati raccolti negli archivi tedeschi, che si \u00e8 potuto dare una esatta catalogazione degli internati militari italiani, provenienti dal comune di Montefiorino, che allora comprendeva anche Palagano, e dal comune di Frassinoro, che dopo l&#8217;8 settembre 1943 vennero catturati dai tedeschi e finirono nelle centinaia di lager disseminati nel Reich.<br>Furono 435 i giovani militari, con un&#8217;et\u00e0 compresa tra i 18 a e i 30, o poco pi\u00f9, che decisero, dopo la loro cattura e la deportazione in Germania, sia di rifiutare l&#8217;adesione alla Repubblica Sociale Italiana di Mussolini sia di combattere a fianco dei nazisti, sebbene questo avrebbe forse loro permesso il ritorno in Italia lasciando alle spalle reticolati, malattie, violenze, privazione della libert\u00e0 e fame. Per questo furono internati nei campi di concentramento tedeschi, senza le tutele riservate ai prigionieri di guerra, subendo sofferenze, malattie che spesso li condussero alla morte.<br>Ed \u00e8 cos\u00ec che il 28 gennaio scorso, presso l&#8217;Accademia Militare di Modena, \u00e8 stato reso loro omaggio attraverso il conferimento della Medaglia d&#8217;Onore della Presidenza Consiglio dei Ministri consegnata ai loro discendenti.<br>\u00e8 un rendere loro giustizia, per mantenere la loro memoria anche come riflessione per la presente e le future generazioni.<br>La cerimonia \u00e8 stata curata dalla Prefettura di Modena con la collaborazione di ANMIG (Associazione nazionale mutilati e invalidi di guerra) e della Provincia di Modena.<\/p>\n\n\n\n<p class=\"wp-block-paragraph\"><\/p>\n\n\n\n<p class=\"wp-block-paragraph\" style=\"font-size:20px\"><strong>I NOMI DEGLI INTERNATI MILITARI<br><\/strong>Albicini Bruno, Barozzi Dafni, Bartolai don Sante, Bartolai Ezio, Bernardi Alfonso Renzo, Bernardi Timoteo, Berselli Aldino, Bocchi Franco, Bononi Ezio, Bononi Zemiro, Capitani Guido Giosu\u00e8, Carboni Paolo, Casini Antonio, Casini Giovanni, Cavazzoni Giuseppe, Debbia Gelsomino, Digani Medardo, Digani Tommaso, Fenech Lovanio, Franchi Alfredo, Franchi Antonio, Gaetti Serafino, Galvani Giosu\u00e8, Gigli Dolindro, Guigli Domenico, Guigli Giovanni, Guigli Giulio, Guigli Matteo, Maffoni Giacomo Luigi, Mazzotti Ezio, Miccolis Antonio Italo, Monaco Ernesto, Olivari Armando, Paladini Dante, Paladini Giulio, Paladini Mario, Rosi Nello Domenico, Rossi Innocente, Rossi Ivo, Serradimigni Giuseppe, Serradimigni Rineo, Silvestrini Domenico, Ugolini Dino Luigi, Zanni Aldo.<\/p>\n\n\n\n<p class=\"wp-block-paragraph\"><\/p>\n","protected":false},"excerpt":{"rendered":"<p>Dopo 80 anni, nella ricorrenza della \u201cGiornata della memoria\u201d, il 28 gennaio scorso, presso l&#8217;Accademia Militare di Modena, viene riconosciuta la vicenda di una piccola parte dei 650.000 internati militari italiani provenienti dalle valli del Dragone e Dolo, passata in secondo piano all&#8217;ombra della pi\u00f9 nota storia sulla resistenza operata dai partigiani contro il nazifascismo.<\/p>\n","protected":false},"author":6,"featured_media":5521,"comment_status":"open","ping_status":"open","sticky":false,"template":"","format":"standard","meta":{"_acf_changed":false,"footnotes":""},"categories":[7],"tags":[],"class_list":["post-5522","post","type-post","status-publish","format-standard","has-post-thumbnail","hentry","category-fatti-e-misfatti"],"aioseo_notices":[],"aioseo_head":"\n\t\t<!-- All in One SEO 5.0.1.1 - aioseo.com -->\n\t<meta name=\"description\" content=\"Dopo 80 anni, nella ricorrenza della \u201cGiornata della memoria\u201d, il 28 gennaio scorso, presso l&#039;Accademia Militare di Modena, viene riconosciuta la vicenda di una piccola parte dei 650.000 internati militari italiani provenienti dalle valli del Dragone e Dolo, passata in secondo piano all&#039;ombra della pi\u00f9 nota storia sulla resistenza operata dai partigiani contro il nazifascismo.\" \/>\n\t<meta name=\"robots\" content=\"max-image-preview:large\" \/>\n\t<meta name=\"author\" content=\"Davide Bettuzzi\"\/>\n\t<link rel=\"canonical\" href=\"https:\/\/www.luna-nuova.it\/?p=5522\" \/>\n\t<meta name=\"generator\" content=\"All in One SEO (AIOSEO) 5.0.1.1\" \/>\n\t\t<meta property=\"og:locale\" content=\"it_IT\" \/>\n\t\t<meta property=\"og:site_name\" content=\"Associazione la LUNA - Attualit\u00e0 - Cultura - Tradizioni - Solidariet\u00e0\" \/>\n\t\t<meta property=\"og:type\" content=\"article\" \/>\n\t\t<meta property=\"og:title\" content=\"MEDAGLIE D\u2019ONORE AGLI INTERNATI MILITARI ITALIANI - Associazione la LUNA\" \/>\n\t\t<meta property=\"og:description\" content=\"Dopo 80 anni, nella ricorrenza della \u201cGiornata della memoria\u201d, il 28 gennaio scorso, presso l&#039;Accademia Militare di Modena, viene riconosciuta la vicenda di una piccola parte dei 650.000 internati militari italiani provenienti dalle valli del Dragone e Dolo, passata in secondo piano all&#039;ombra della pi\u00f9 nota storia sulla resistenza operata dai partigiani contro il nazifascismo.\" \/>\n\t\t<meta property=\"og:url\" content=\"https:\/\/www.luna-nuova.it\/?p=5522\" \/>\n\t\t<meta property=\"article:published_time\" content=\"2024-06-09T10:37:00+00:00\" \/>\n\t\t<meta property=\"article:modified_time\" content=\"2026-08-29T07:53:11+00:00\" \/>\n\t\t<meta property=\"article:publisher\" content=\"https:\/\/www.facebook.com\/groups\/395803209096\" \/>\n\t\t<meta name=\"twitter:card\" content=\"summary_large_image\" \/>\n\t\t<meta name=\"twitter:title\" content=\"MEDAGLIE D\u2019ONORE AGLI INTERNATI MILITARI ITALIANI - Associazione la LUNA\" \/>\n\t\t<meta name=\"twitter:description\" content=\"Dopo 80 anni, nella ricorrenza della \u201cGiornata della memoria\u201d, il 28 gennaio scorso, presso l&#039;Accademia Militare di Modena, viene riconosciuta la vicenda di una piccola parte dei 650.000 internati militari italiani provenienti dalle valli del Dragone e Dolo, passata in secondo piano all&#039;ombra della pi\u00f9 nota storia sulla resistenza operata dai partigiani contro il nazifascismo.\" \/>\n\t\t<script type=\"application\/ld+json\" class=\"aioseo-schema\">\n\t\t\t{\"@context\":\"https:\\\/\\\/schema.org\",\"@graph\":[{\"@type\":\"BlogPosting\",\"@id\":\"https:\\\/\\\/www.luna-nuova.it\\\/?p=5522#blogposting\",\"name\":\"MEDAGLIE D\\u2019ONORE AGLI INTERNATI MILITARI ITALIANI - Associazione la LUNA\",\"headline\":\"MEDAGLIE D&#8217;ONORE AGLI INTERNATI MILITARI ITALIANI\",\"author\":{\"@id\":\"https:\\\/\\\/www.luna-nuova.it\\\/?author=6#author\"},\"publisher\":{\"@id\":\"https:\\\/\\\/www.luna-nuova.it\\\/#organization\"},\"image\":{\"@type\":\"ImageObject\",\"url\":\"https:\\\/\\\/www.luna-nuova.it\\\/wp-content\\\/uploads\\\/2026\\\/08\\\/2-2-e1787912531182.jpg\",\"width\":1632,\"height\":778},\"datePublished\":\"2024-06-09T12:37:00+02:00\",\"dateModified\":\"2026-08-29T09:53:11+02:00\",\"inLanguage\":\"it-IT\",\"mainEntityOfPage\":{\"@id\":\"https:\\\/\\\/www.luna-nuova.it\\\/?p=5522#webpage\"},\"isPartOf\":{\"@id\":\"https:\\\/\\\/www.luna-nuova.it\\\/?p=5522#webpage\"},\"articleSection\":\"Fatti e Misfatti\"},{\"@type\":\"BreadcrumbList\",\"@id\":\"https:\\\/\\\/www.luna-nuova.it\\\/?p=5522#breadcrumblist\",\"itemListElement\":[{\"@type\":\"ListItem\",\"@id\":\"https:\\\/\\\/www.luna-nuova.it#listItem\",\"position\":1,\"name\":\"Home\",\"item\":\"https:\\\/\\\/www.luna-nuova.it\",\"nextItem\":{\"@type\":\"ListItem\",\"@id\":\"https:\\\/\\\/www.luna-nuova.it\\\/?cat=7#listItem\",\"name\":\"Fatti e Misfatti\"}},{\"@type\":\"ListItem\",\"@id\":\"https:\\\/\\\/www.luna-nuova.it\\\/?cat=7#listItem\",\"position\":2,\"name\":\"Fatti e Misfatti\",\"item\":\"https:\\\/\\\/www.luna-nuova.it\\\/?cat=7\",\"nextItem\":{\"@type\":\"ListItem\",\"@id\":\"https:\\\/\\\/www.luna-nuova.it\\\/?p=5522#listItem\",\"name\":\"MEDAGLIE D&#8217;ONORE AGLI INTERNATI MILITARI ITALIANI\"},\"previousItem\":{\"@type\":\"ListItem\",\"@id\":\"https:\\\/\\\/www.luna-nuova.it#listItem\",\"name\":\"Home\"}},{\"@type\":\"ListItem\",\"@id\":\"https:\\\/\\\/www.luna-nuova.it\\\/?p=5522#listItem\",\"position\":3,\"name\":\"MEDAGLIE D&#8217;ONORE AGLI INTERNATI MILITARI ITALIANI\",\"previousItem\":{\"@type\":\"ListItem\",\"@id\":\"https:\\\/\\\/www.luna-nuova.it\\\/?cat=7#listItem\",\"name\":\"Fatti e Misfatti\"}}]},{\"@type\":\"Organization\",\"@id\":\"https:\\\/\\\/www.luna-nuova.it\\\/#organization\",\"name\":\"Associazione la LUNA aps\",\"description\":\"Attualit\\u00e0, cultura, tradizioni, solidariet\\u00e0 da Palagano e dintorni.\",\"url\":\"https:\\\/\\\/www.luna-nuova.it\\\/\",\"email\":\"redazione@luna-nuova.it\",\"telephone\":\"+393393959487\",\"logo\":{\"@type\":\"ImageObject\",\"url\":\"https:\\\/\\\/www.luna-nuova.it\\\/wp-content\\\/uploads\\\/2026\\\/08\\\/Logo2013.jpg\",\"@id\":\"https:\\\/\\\/www.luna-nuova.it\\\/?p=5522\\\/#organizationLogo\",\"width\":851,\"height\":491},\"image\":{\"@id\":\"https:\\\/\\\/www.luna-nuova.it\\\/?p=5522\\\/#organizationLogo\"},\"sameAs\":[\"https:\\\/\\\/www.facebook.com\\\/groups\\\/395803209096\",\"https:\\\/\\\/www.instagram.com\\\/associazionelalunanuova\\\/\"]},{\"@type\":\"Person\",\"@id\":\"https:\\\/\\\/www.luna-nuova.it\\\/?author=6#author\",\"url\":\"https:\\\/\\\/www.luna-nuova.it\\\/?author=6\",\"name\":\"Davide Bettuzzi\",\"image\":{\"@type\":\"ImageObject\",\"@id\":\"https:\\\/\\\/www.luna-nuova.it\\\/?p=5522#authorImage\",\"url\":\"https:\\\/\\\/secure.gravatar.com\\\/avatar\\\/173cc80bf40e3d7872288e7d71d813f807b0fa3c402c5d7a1189a3f831e24fa8?s=96&d=mm&r=g\",\"width\":96,\"height\":96,\"caption\":\"Davide Bettuzzi\"}},{\"@type\":\"WebPage\",\"@id\":\"https:\\\/\\\/www.luna-nuova.it\\\/?p=5522#webpage\",\"url\":\"https:\\\/\\\/www.luna-nuova.it\\\/?p=5522\",\"name\":\"MEDAGLIE D\\u2019ONORE AGLI INTERNATI MILITARI ITALIANI - Associazione la LUNA\",\"description\":\"Dopo 80 anni, nella ricorrenza della \\u201cGiornata della memoria\\u201d, il 28 gennaio scorso, presso l'Accademia Militare di Modena, viene riconosciuta la vicenda di una piccola parte dei 650.000 internati militari italiani provenienti dalle valli del Dragone e Dolo, passata in secondo piano all'ombra della pi\\u00f9 nota storia sulla resistenza operata dai partigiani contro il nazifascismo.\",\"inLanguage\":\"it-IT\",\"isPartOf\":{\"@id\":\"https:\\\/\\\/www.luna-nuova.it\\\/#website\"},\"breadcrumb\":{\"@id\":\"https:\\\/\\\/www.luna-nuova.it\\\/?p=5522#breadcrumblist\"},\"author\":{\"@id\":\"https:\\\/\\\/www.luna-nuova.it\\\/?author=6#author\"},\"creator\":{\"@id\":\"https:\\\/\\\/www.luna-nuova.it\\\/?author=6#author\"},\"image\":{\"@type\":\"ImageObject\",\"url\":\"https:\\\/\\\/www.luna-nuova.it\\\/wp-content\\\/uploads\\\/2026\\\/08\\\/2-2-e1787912531182.jpg\",\"@id\":\"https:\\\/\\\/www.luna-nuova.it\\\/?p=5522\\\/#mainImage\",\"width\":1632,\"height\":778},\"primaryImageOfPage\":{\"@id\":\"https:\\\/\\\/www.luna-nuova.it\\\/?p=5522#mainImage\"},\"datePublished\":\"2024-06-09T12:37:00+02:00\",\"dateModified\":\"2026-08-29T09:53:11+02:00\"},{\"@type\":\"WebSite\",\"@id\":\"https:\\\/\\\/www.luna-nuova.it\\\/#website\",\"url\":\"https:\\\/\\\/www.luna-nuova.it\\\/\",\"name\":\"Associazione la LUNA\",\"description\":\"Attualit\\u00e0 - Cultura - Tradizioni - Solidariet\\u00e0\",\"inLanguage\":\"it-IT\",\"publisher\":{\"@id\":\"https:\\\/\\\/www.luna-nuova.it\\\/#organization\"}}]}\n\t\t<\/script>\n\t\t<!-- All in One SEO -->\n\n","aioseo_head_json":{"title":"MEDAGLIE D\u2019ONORE AGLI INTERNATI MILITARI ITALIANI - Associazione la LUNA","description":"Dopo 80 anni, nella ricorrenza della \u201cGiornata della memoria\u201d, il 28 gennaio scorso, presso l'Accademia Militare di Modena, viene riconosciuta la vicenda di una piccola parte dei 650.000 internati militari italiani provenienti dalle valli del Dragone e Dolo, passata in secondo piano all'ombra della pi\u00f9 nota storia sulla resistenza operata dai partigiani contro il nazifascismo.","canonical_url":"https:\/\/www.luna-nuova.it\/?p=5522","robots":"max-image-preview:large","keywords":"","webmasterTools":{"miscellaneous":""},"schema":{"@context":"https:\/\/schema.org","@graph":[{"@type":"BlogPosting","@id":"https:\/\/www.luna-nuova.it\/?p=5522#blogposting","name":"MEDAGLIE D\u2019ONORE AGLI INTERNATI MILITARI ITALIANI - Associazione la LUNA","headline":"MEDAGLIE D&#8217;ONORE AGLI INTERNATI MILITARI ITALIANI","author":{"@id":"https:\/\/www.luna-nuova.it\/?author=6#author"},"publisher":{"@id":"https:\/\/www.luna-nuova.it\/#organization"},"image":{"@type":"ImageObject","url":"https:\/\/www.luna-nuova.it\/wp-content\/uploads\/2026\/08\/2-2-e1787912531182.jpg","width":1632,"height":778},"datePublished":"2024-06-09T12:37:00+02:00","dateModified":"2026-08-29T09:53:11+02:00","inLanguage":"it-IT","mainEntityOfPage":{"@id":"https:\/\/www.luna-nuova.it\/?p=5522#webpage"},"isPartOf":{"@id":"https:\/\/www.luna-nuova.it\/?p=5522#webpage"},"articleSection":"Fatti e Misfatti"},{"@type":"BreadcrumbList","@id":"https:\/\/www.luna-nuova.it\/?p=5522#breadcrumblist","itemListElement":[{"@type":"ListItem","@id":"https:\/\/www.luna-nuova.it#listItem","position":1,"name":"Home","item":"https:\/\/www.luna-nuova.it","nextItem":{"@type":"ListItem","@id":"https:\/\/www.luna-nuova.it\/?cat=7#listItem","name":"Fatti e Misfatti"}},{"@type":"ListItem","@id":"https:\/\/www.luna-nuova.it\/?cat=7#listItem","position":2,"name":"Fatti e Misfatti","item":"https:\/\/www.luna-nuova.it\/?cat=7","nextItem":{"@type":"ListItem","@id":"https:\/\/www.luna-nuova.it\/?p=5522#listItem","name":"MEDAGLIE D&#8217;ONORE AGLI INTERNATI MILITARI ITALIANI"},"previousItem":{"@type":"ListItem","@id":"https:\/\/www.luna-nuova.it#listItem","name":"Home"}},{"@type":"ListItem","@id":"https:\/\/www.luna-nuova.it\/?p=5522#listItem","position":3,"name":"MEDAGLIE D&#8217;ONORE AGLI INTERNATI MILITARI ITALIANI","previousItem":{"@type":"ListItem","@id":"https:\/\/www.luna-nuova.it\/?cat=7#listItem","name":"Fatti e Misfatti"}}]},{"@type":"Organization","@id":"https:\/\/www.luna-nuova.it\/#organization","name":"Associazione la LUNA aps","description":"Attualit\u00e0, cultura, tradizioni, solidariet\u00e0 da Palagano e dintorni.","url":"https:\/\/www.luna-nuova.it\/","email":"redazione@luna-nuova.it","telephone":"+393393959487","logo":{"@type":"ImageObject","url":"https:\/\/www.luna-nuova.it\/wp-content\/uploads\/2026\/08\/Logo2013.jpg","@id":"https:\/\/www.luna-nuova.it\/?p=5522\/#organizationLogo","width":851,"height":491},"image":{"@id":"https:\/\/www.luna-nuova.it\/?p=5522\/#organizationLogo"},"sameAs":["https:\/\/www.facebook.com\/groups\/395803209096","https:\/\/www.instagram.com\/associazionelalunanuova\/"]},{"@type":"Person","@id":"https:\/\/www.luna-nuova.it\/?author=6#author","url":"https:\/\/www.luna-nuova.it\/?author=6","name":"Davide Bettuzzi","image":{"@type":"ImageObject","@id":"https:\/\/www.luna-nuova.it\/?p=5522#authorImage","url":"https:\/\/secure.gravatar.com\/avatar\/173cc80bf40e3d7872288e7d71d813f807b0fa3c402c5d7a1189a3f831e24fa8?s=96&d=mm&r=g","width":96,"height":96,"caption":"Davide Bettuzzi"}},{"@type":"WebPage","@id":"https:\/\/www.luna-nuova.it\/?p=5522#webpage","url":"https:\/\/www.luna-nuova.it\/?p=5522","name":"MEDAGLIE D\u2019ONORE AGLI INTERNATI MILITARI ITALIANI - Associazione la LUNA","description":"Dopo 80 anni, nella ricorrenza della \u201cGiornata della memoria\u201d, il 28 gennaio scorso, presso l'Accademia Militare di Modena, viene riconosciuta la vicenda di una piccola parte dei 650.000 internati militari italiani provenienti dalle valli del Dragone e Dolo, passata in secondo piano all'ombra della pi\u00f9 nota storia sulla resistenza operata dai partigiani contro il nazifascismo.","inLanguage":"it-IT","isPartOf":{"@id":"https:\/\/www.luna-nuova.it\/#website"},"breadcrumb":{"@id":"https:\/\/www.luna-nuova.it\/?p=5522#breadcrumblist"},"author":{"@id":"https:\/\/www.luna-nuova.it\/?author=6#author"},"creator":{"@id":"https:\/\/www.luna-nuova.it\/?author=6#author"},"image":{"@type":"ImageObject","url":"https:\/\/www.luna-nuova.it\/wp-content\/uploads\/2026\/08\/2-2-e1787912531182.jpg","@id":"https:\/\/www.luna-nuova.it\/?p=5522\/#mainImage","width":1632,"height":778},"primaryImageOfPage":{"@id":"https:\/\/www.luna-nuova.it\/?p=5522#mainImage"},"datePublished":"2024-06-09T12:37:00+02:00","dateModified":"2026-08-29T09:53:11+02:00"},{"@type":"WebSite","@id":"https:\/\/www.luna-nuova.it\/#website","url":"https:\/\/www.luna-nuova.it\/","name":"Associazione la LUNA","description":"Attualit\u00e0 - Cultura - Tradizioni - Solidariet\u00e0","inLanguage":"it-IT","publisher":{"@id":"https:\/\/www.luna-nuova.it\/#organization"}}]},"og:locale":"it_IT","og:site_name":"Associazione la LUNA - Attualit\u00e0 - Cultura - Tradizioni - Solidariet\u00e0","og:type":"article","og:title":"MEDAGLIE D\u2019ONORE AGLI INTERNATI MILITARI ITALIANI - Associazione la LUNA","og:description":"Dopo 80 anni, nella ricorrenza della \u201cGiornata della memoria\u201d, il 28 gennaio scorso, presso l'Accademia Militare di Modena, viene riconosciuta la vicenda di una piccola parte dei 650.000 internati militari italiani provenienti dalle valli del Dragone e Dolo, passata in secondo piano all'ombra della pi\u00f9 nota storia sulla resistenza operata dai partigiani contro il nazifascismo.","og:url":"https:\/\/www.luna-nuova.it\/?p=5522","article:published_time":"2024-06-09T10:37:00+00:00","article:modified_time":"2026-08-29T07:53:11+00:00","article:publisher":"https:\/\/www.facebook.com\/groups\/395803209096","twitter:card":"summary_large_image","twitter:title":"MEDAGLIE D\u2019ONORE AGLI INTERNATI MILITARI ITALIANI - Associazione la LUNA","twitter:description":"Dopo 80 anni, nella ricorrenza della \u201cGiornata della memoria\u201d, il 28 gennaio scorso, presso l'Accademia Militare di Modena, viene riconosciuta la vicenda di una piccola parte dei 650.000 internati militari italiani provenienti dalle valli del Dragone e Dolo, passata in secondo piano all'ombra della pi\u00f9 nota storia sulla resistenza operata dai partigiani contro il nazifascismo."},"aioseo_meta_data":{"post_id":"5522","title":null,"description":null,"keywords":null,"keyphrases":{"focus":{"keyphrase":"","score":0,"analysis":{"keyphraseInTitle":{"score":0,"maxScore":9,"error":1}}},"additional":[]},"focus_keyword":null,"additional_keywords":null,"truseo_locale":null,"primary_term":null,"canonical_url":null,"og_title":null,"og_description":null,"og_object_type":"default","og_image_type":"default","og_image_custom_url":null,"og_image_custom_fields":null,"og_image_url":null,"og_image_width":null,"og_image_height":null,"og_video":"","og_custom_url":null,"og_article_section":null,"og_article_tags":null,"twitter_use_og":false,"twitter_card":"default","twitter_image_type":"default","twitter_image_custom_url":null,"twitter_image_custom_fields":null,"twitter_image_url":null,"twitter_title":null,"twitter_description":null,"schema_type":"default","schema_type_options":null,"schema":{"blockGraphs":[],"customGraphs":[],"default":{"data":{"Article":[],"Course":[],"Dataset":[],"FAQPage":[],"Movie":[],"Person":[],"Product":[],"ProductReview":[],"Car":[],"Recipe":[],"Service":[],"SoftwareApplication":[],"WebPage":[]},"graphName":"BlogPosting","isEnabled":true},"graphs":[]},"pillar_content":false,"robots_default":true,"robots_noindex":false,"robots_noarchive":false,"robots_nosnippet":false,"robots_nofollow":false,"robots_noimageindex":false,"robots_noodp":false,"robots_notranslate":false,"robots_max_snippet":"-1","robots_max_videopreview":"-1","robots_max_imagepreview":"large","priority":null,"frequency":"default","local_seo":null,"limit_modified_date":false,"ai":{"faqs":[],"keyPoints":[],"schemas":[],"titles":[],"descriptions":[],"socialPosts":{"email":{"subject":"","preview":"","content":""},"linkedin":[],"twitter":[],"facebook":[],"instagram":[]}},"breadcrumb_settings":null,"seo_analyzer_scan_date":null,"created":"2026-08-28 10:46:14","updated":"2026-08-29 08:35:57"},"aioseo_breadcrumb":"<div class=\"aioseo-breadcrumbs\"><span class=\"aioseo-breadcrumb\">\n\t\t\t<a href=\"https:\/\/www.luna-nuova.it\" title=\"Home\">Home<\/a>\n\t\t<\/span><span class=\"aioseo-breadcrumb-separator\">&raquo;<\/span><span class=\"aioseo-breadcrumb\">\n\t\t\t<a href=\"https:\/\/www.luna-nuova.it\/?cat=7\" title=\"Fatti e Misfatti\">Fatti e Misfatti<\/a>\n\t\t<\/span><span class=\"aioseo-breadcrumb-separator\">&raquo;<\/span><span class=\"aioseo-breadcrumb\">\n\t\t\tMEDAGLIE D\u2019ONORE AGLI INTERNATI MILITARI ITALIANI\n\t\t<\/span><\/div>","aioseo_breadcrumb_json":[{"label":"Home","link":"https:\/\/www.luna-nuova.it"},{"label":"Fatti e Misfatti","link":"https:\/\/www.luna-nuova.it\/?cat=7"},{"label":"MEDAGLIE D&#8217;ONORE AGLI INTERNATI MILITARI ITALIANI","link":"https:\/\/www.luna-nuova.it\/?p=5522"}],"acf":[],"_links":{"self":[{"href":"https:\/\/www.luna-nuova.it\/index.php?rest_route=\/wp\/v2\/posts\/5522","targetHints":{"allow":["GET"]}}],"collection":[{"href":"https:\/\/www.luna-nuova.it\/index.php?rest_route=\/wp\/v2\/posts"}],"about":[{"href":"https:\/\/www.luna-nuova.it\/index.php?rest_route=\/wp\/v2\/types\/post"}],"author":[{"embeddable":true,"href":"https:\/\/www.luna-nuova.it\/index.php?rest_route=\/wp\/v2\/users\/6"}],"replies":[{"embeddable":true,"href":"https:\/\/www.luna-nuova.it\/index.php?rest_route=%2Fwp%2Fv2%2Fcomments&post=5522"}],"version-history":[{"count":2,"href":"https:\/\/www.luna-nuova.it\/index.php?rest_route=\/wp\/v2\/posts\/5522\/revisions"}],"predecessor-version":[{"id":5539,"href":"https:\/\/www.luna-nuova.it\/index.php?rest_route=\/wp\/v2\/posts\/5522\/revisions\/5539"}],"wp:featuredmedia":[{"embeddable":true,"href":"https:\/\/www.luna-nuova.it\/index.php?rest_route=\/wp\/v2\/media\/5521"}],"wp:attachment":[{"href":"https:\/\/www.luna-nuova.it\/index.php?rest_route=%2Fwp%2Fv2%2Fmedia&parent=5522"}],"wp:term":[{"taxonomy":"category","embeddable":true,"href":"https:\/\/www.luna-nuova.it\/index.php?rest_route=%2Fwp%2Fv2%2Fcategories&post=5522"},{"taxonomy":"post_tag","embeddable":true,"href":"https:\/\/www.luna-nuova.it\/index.php?rest_route=%2Fwp%2Fv2%2Ftags&post=5522"}],"curies":[{"name":"wp","href":"https:\/\/api.w.org\/{rel}","templated":true}]}}