{"id":5518,"date":"2024-06-09T11:42:00","date_gmt":"2024-06-09T09:42:00","guid":{"rendered":"https:\/\/www.luna-nuova.it\/?p=5518"},"modified":"2026-08-28T16:44:05","modified_gmt":"2026-08-28T14:44:05","slug":"apertura-del-nuovo-centro-estetico-artestetica","status":"publish","type":"post","link":"https:\/\/www.luna-nuova.it\/?p=5518","title":{"rendered":"APERTURA DEL NUOVO CENTRO ESTETICO &#8220;ARTESTETICA&#8221;"},"content":{"rendered":"\n<figure class=\"wp-block-image size-full\"><img decoding=\"async\" data-src=\"https:\/\/www.luna-nuova.it\/wp-content\/uploads\/2026\/08\/Jessica-Calicetti-e1787910093724.jpg\" alt=\"\" class=\"wp-image-5517 lazyload\" src=\"data:image\/svg+xml;base64,PHN2ZyB3aWR0aD0iMSIgaGVpZ2h0PSIxIiB4bWxucz0iaHR0cDovL3d3dy53My5vcmcvMjAwMC9zdmciPjwvc3ZnPg==\" style=\"--smush-placeholder-width: 564px; --smush-placeholder-aspect-ratio: 564\/405;\" \/><\/figure>\n\n\n\n<p class=\"has-text-align-right wp-block-paragraph\"><a href=\"https:\/\/www.luna-nuova.it\/wp-content\/uploads\/2026\/01\/65-ln-giugno-2024-WEB.pdf\" data-type=\"attachment\" data-id=\"482\">la <strong>LUNA <\/strong><em>nuova <\/em>&#8211; Giugno 2024<\/a><\/p>\n\n\n\n<p class=\"wp-block-paragraph\" style=\"font-size:20px\"><strong>Martina Galvani<\/strong><\/p>\n\n\n\n<p class=\"wp-block-paragraph\" style=\"font-size:20px\">A fine marzo ha inaugurato il nuovo centro estetico Artestetica. Dopo dieci anni di esperienza lavorativa a Pavullo, Jessica Caliceti ha deciso di aprire un\u2019attivit\u00e0 tutta sua, realizzando un sogno che aveva da tempo. Una volta abbandonato il timore di non farcela da sola, si \u00e8 decisa e ha avuto il coraggio di mettersi in proprio. L\u2019idea \u00e8 nata anche dal fatto che questo tipo di servizio a Palagano mancava e la richiesta c\u2019era. Dopo avere conseguito l\u2019abilitazione a Modena, presso una scuola privata di estetica, si \u00e8 messa alla ricerca del locale adatto. Il negozio che ha scelto era gi\u00e0 predisposto per quel tipo di attivit\u00e0, ma \u00e8 stato poi adeguato alle normative vigenti e rinnovato, anche con il prezioso aiuto e con il contributo della sua famiglia.<br>Jessica ha deciso di improntare l\u2019attivit\u00e0 su servizi basici, accessibili a tutti. Rispetto all\u2019estetica di base ha scelto di aggiungere solo qualche extra, come il solarium e il pressomassaggio, un trattamento curativo ampiamente utilizzato sia in campo medico che estetico, ottimo per migliorare la circolazione, drenare i liquidi, defaticare i muscoli e molto altro. La sua idea \u00e8 quella di offrire alcuni servizi in pi\u00f9, ma puntare soprattutto su quelli essenziali e alla portata di tutti, come la cura del corpo, di mani, piedi e viso.<br>La fatica e la paura di aprire un locale da sola e di lanciarsi in una nuova impresa lavorativa \u00e8 stata supportata dall\u2019entusiasmo ed \u00e8 stata ampiamente ripagata dalla soddisfazione.<\/p>\n","protected":false},"excerpt":{"rendered":"<p>A fine marzo ha inaugurato il nuovo centro estetico Artestetica. Dopo dieci anni di esperienza lavorativa a Pavullo, Jessica Caliceti ha deciso di aprire un\u2019attivit\u00e0 tutta sua, realizzando un sogno che aveva da tempo.<\/p>\n","protected":false},"author":5,"featured_media":5517,"comment_status":"open","ping_status":"open","sticky":false,"template":"","format":"standard","meta":{"_acf_changed":false,"footnotes":""},"categories":[7],"tags":[],"class_list":["post-5518","post","type-post","status-publish","format-standard","has-post-thumbnail","hentry","category-fatti-e-misfatti"],"aioseo_notices":[],"aioseo_head":"\n\t\t<!-- All in One SEO 5.0.1.1 - aioseo.com -->\n\t<meta name=\"description\" content=\"A fine marzo ha inaugurato il nuovo centro estetico Artestetica. Dopo dieci anni di esperienza lavorativa a Pavullo, Jessica Caliceti ha deciso di aprire un\u2019attivit\u00e0 tutta sua, realizzando un sogno che aveva da tempo.\" \/>\n\t<meta name=\"robots\" content=\"max-image-preview:large\" \/>\n\t<meta name=\"author\" content=\"Martina Galvani\"\/>\n\t<link rel=\"canonical\" href=\"https:\/\/www.luna-nuova.it\/?p=5518\" \/>\n\t<meta name=\"generator\" content=\"All in One SEO (AIOSEO) 5.0.1.1\" \/>\n\t\t<meta property=\"og:locale\" content=\"it_IT\" \/>\n\t\t<meta property=\"og:site_name\" content=\"Associazione la LUNA - Attualit\u00e0 - Cultura - Tradizioni - Solidariet\u00e0\" \/>\n\t\t<meta property=\"og:type\" content=\"article\" \/>\n\t\t<meta property=\"og:title\" content=\"APERTURA DEL NUOVO CENTRO ESTETICO \u201cARTESTETICA\u201d - Associazione la LUNA\" \/>\n\t\t<meta property=\"og:description\" content=\"A fine marzo ha inaugurato il nuovo centro estetico Artestetica. Dopo dieci anni di esperienza lavorativa a Pavullo, Jessica Caliceti ha deciso di aprire un\u2019attivit\u00e0 tutta sua, realizzando un sogno che aveva da tempo.\" \/>\n\t\t<meta property=\"og:url\" content=\"https:\/\/www.luna-nuova.it\/?p=5518\" \/>\n\t\t<meta property=\"article:published_time\" content=\"2024-06-09T09:42:00+00:00\" \/>\n\t\t<meta property=\"article:modified_time\" content=\"2026-08-28T14:44:05+00:00\" \/>\n\t\t<meta property=\"article:publisher\" content=\"https:\/\/www.facebook.com\/groups\/395803209096\" \/>\n\t\t<meta name=\"twitter:card\" content=\"summary_large_image\" \/>\n\t\t<meta name=\"twitter:title\" content=\"APERTURA DEL NUOVO CENTRO ESTETICO \u201cARTESTETICA\u201d - Associazione la LUNA\" \/>\n\t\t<meta name=\"twitter:description\" content=\"A fine marzo ha inaugurato il nuovo centro estetico Artestetica. Dopo dieci anni di esperienza lavorativa a Pavullo, Jessica Caliceti ha deciso di aprire un\u2019attivit\u00e0 tutta sua, realizzando un sogno che aveva da tempo.\" \/>\n\t\t<script type=\"application\/ld+json\" class=\"aioseo-schema\">\n\t\t\t{\"@context\":\"https:\\\/\\\/schema.org\",\"@graph\":[{\"@type\":\"BlogPosting\",\"@id\":\"https:\\\/\\\/www.luna-nuova.it\\\/?p=5518#blogposting\",\"name\":\"APERTURA DEL NUOVO CENTRO ESTETICO \\u201cARTESTETICA\\u201d - Associazione la LUNA\",\"headline\":\"APERTURA DEL NUOVO CENTRO ESTETICO &#8220;ARTESTETICA&#8221;\",\"author\":{\"@id\":\"https:\\\/\\\/www.luna-nuova.it\\\/?author=5#author\"},\"publisher\":{\"@id\":\"https:\\\/\\\/www.luna-nuova.it\\\/#organization\"},\"image\":{\"@type\":\"ImageObject\",\"url\":\"https:\\\/\\\/www.luna-nuova.it\\\/wp-content\\\/uploads\\\/2026\\\/08\\\/Jessica-Calicetti-e1787910420309.jpg\",\"width\":564,\"height\":405},\"datePublished\":\"2024-06-09T11:42:00+02:00\",\"dateModified\":\"2026-08-28T16:44:05+02:00\",\"inLanguage\":\"it-IT\",\"mainEntityOfPage\":{\"@id\":\"https:\\\/\\\/www.luna-nuova.it\\\/?p=5518#webpage\"},\"isPartOf\":{\"@id\":\"https:\\\/\\\/www.luna-nuova.it\\\/?p=5518#webpage\"},\"articleSection\":\"Fatti e Misfatti\"},{\"@type\":\"BreadcrumbList\",\"@id\":\"https:\\\/\\\/www.luna-nuova.it\\\/?p=5518#breadcrumblist\",\"itemListElement\":[{\"@type\":\"ListItem\",\"@id\":\"https:\\\/\\\/www.luna-nuova.it#listItem\",\"position\":1,\"name\":\"Home\",\"item\":\"https:\\\/\\\/www.luna-nuova.it\",\"nextItem\":{\"@type\":\"ListItem\",\"@id\":\"https:\\\/\\\/www.luna-nuova.it\\\/?cat=7#listItem\",\"name\":\"Fatti e Misfatti\"}},{\"@type\":\"ListItem\",\"@id\":\"https:\\\/\\\/www.luna-nuova.it\\\/?cat=7#listItem\",\"position\":2,\"name\":\"Fatti e Misfatti\",\"item\":\"https:\\\/\\\/www.luna-nuova.it\\\/?cat=7\",\"nextItem\":{\"@type\":\"ListItem\",\"@id\":\"https:\\\/\\\/www.luna-nuova.it\\\/?p=5518#listItem\",\"name\":\"APERTURA DEL NUOVO CENTRO ESTETICO &#8220;ARTESTETICA&#8221;\"},\"previousItem\":{\"@type\":\"ListItem\",\"@id\":\"https:\\\/\\\/www.luna-nuova.it#listItem\",\"name\":\"Home\"}},{\"@type\":\"ListItem\",\"@id\":\"https:\\\/\\\/www.luna-nuova.it\\\/?p=5518#listItem\",\"position\":3,\"name\":\"APERTURA DEL NUOVO CENTRO ESTETICO &#8220;ARTESTETICA&#8221;\",\"previousItem\":{\"@type\":\"ListItem\",\"@id\":\"https:\\\/\\\/www.luna-nuova.it\\\/?cat=7#listItem\",\"name\":\"Fatti e Misfatti\"}}]},{\"@type\":\"Organization\",\"@id\":\"https:\\\/\\\/www.luna-nuova.it\\\/#organization\",\"name\":\"Associazione la LUNA aps\",\"description\":\"Attualit\\u00e0, cultura, tradizioni, solidariet\\u00e0 da Palagano e dintorni.\",\"url\":\"https:\\\/\\\/www.luna-nuova.it\\\/\",\"email\":\"redazione@luna-nuova.it\",\"telephone\":\"+393393959487\",\"logo\":{\"@type\":\"ImageObject\",\"url\":\"https:\\\/\\\/www.luna-nuova.it\\\/wp-content\\\/uploads\\\/2026\\\/08\\\/Logo2013.jpg\",\"@id\":\"https:\\\/\\\/www.luna-nuova.it\\\/?p=5518\\\/#organizationLogo\",\"width\":851,\"height\":491},\"image\":{\"@id\":\"https:\\\/\\\/www.luna-nuova.it\\\/?p=5518\\\/#organizationLogo\"},\"sameAs\":[\"https:\\\/\\\/www.facebook.com\\\/groups\\\/395803209096\",\"https:\\\/\\\/www.instagram.com\\\/associazionelalunanuova\\\/\"]},{\"@type\":\"Person\",\"@id\":\"https:\\\/\\\/www.luna-nuova.it\\\/?author=5#author\",\"url\":\"https:\\\/\\\/www.luna-nuova.it\\\/?author=5\",\"name\":\"Martina Galvani\",\"image\":{\"@type\":\"ImageObject\",\"@id\":\"https:\\\/\\\/www.luna-nuova.it\\\/?p=5518#authorImage\",\"url\":\"https:\\\/\\\/secure.gravatar.com\\\/avatar\\\/206837ca44bfd344f0c4a230100831ecc8c5d27798795bd78b63e99342722ca4?s=96&d=mm&r=g\",\"width\":96,\"height\":96,\"caption\":\"Martina Galvani\"}},{\"@type\":\"WebPage\",\"@id\":\"https:\\\/\\\/www.luna-nuova.it\\\/?p=5518#webpage\",\"url\":\"https:\\\/\\\/www.luna-nuova.it\\\/?p=5518\",\"name\":\"APERTURA DEL NUOVO CENTRO ESTETICO \\u201cARTESTETICA\\u201d - Associazione la LUNA\",\"description\":\"A fine marzo ha inaugurato il nuovo centro estetico Artestetica. Dopo dieci anni di esperienza lavorativa a Pavullo, Jessica Caliceti ha deciso di aprire un\\u2019attivit\\u00e0 tutta sua, realizzando un sogno che aveva da tempo.\",\"inLanguage\":\"it-IT\",\"isPartOf\":{\"@id\":\"https:\\\/\\\/www.luna-nuova.it\\\/#website\"},\"breadcrumb\":{\"@id\":\"https:\\\/\\\/www.luna-nuova.it\\\/?p=5518#breadcrumblist\"},\"author\":{\"@id\":\"https:\\\/\\\/www.luna-nuova.it\\\/?author=5#author\"},\"creator\":{\"@id\":\"https:\\\/\\\/www.luna-nuova.it\\\/?author=5#author\"},\"image\":{\"@type\":\"ImageObject\",\"url\":\"https:\\\/\\\/www.luna-nuova.it\\\/wp-content\\\/uploads\\\/2026\\\/08\\\/Jessica-Calicetti-e1787910420309.jpg\",\"@id\":\"https:\\\/\\\/www.luna-nuova.it\\\/?p=5518\\\/#mainImage\",\"width\":564,\"height\":405},\"primaryImageOfPage\":{\"@id\":\"https:\\\/\\\/www.luna-nuova.it\\\/?p=5518#mainImage\"},\"datePublished\":\"2024-06-09T11:42:00+02:00\",\"dateModified\":\"2026-08-28T16:44:05+02:00\"},{\"@type\":\"WebSite\",\"@id\":\"https:\\\/\\\/www.luna-nuova.it\\\/#website\",\"url\":\"https:\\\/\\\/www.luna-nuova.it\\\/\",\"name\":\"Associazione la LUNA\",\"description\":\"Attualit\\u00e0 - Cultura - Tradizioni - Solidariet\\u00e0\",\"inLanguage\":\"it-IT\",\"publisher\":{\"@id\":\"https:\\\/\\\/www.luna-nuova.it\\\/#organization\"}}]}\n\t\t<\/script>\n\t\t<!-- All in One SEO -->\n\n","aioseo_head_json":{"title":"APERTURA DEL NUOVO CENTRO ESTETICO \u201cARTESTETICA\u201d - Associazione la LUNA","description":"A fine marzo ha inaugurato il nuovo centro estetico Artestetica. Dopo dieci anni di esperienza lavorativa a Pavullo, Jessica Caliceti ha deciso di aprire un\u2019attivit\u00e0 tutta sua, realizzando un sogno che aveva da tempo.","canonical_url":"https:\/\/www.luna-nuova.it\/?p=5518","robots":"max-image-preview:large","keywords":"","webmasterTools":{"miscellaneous":""},"schema":{"@context":"https:\/\/schema.org","@graph":[{"@type":"BlogPosting","@id":"https:\/\/www.luna-nuova.it\/?p=5518#blogposting","name":"APERTURA DEL NUOVO CENTRO ESTETICO \u201cARTESTETICA\u201d - Associazione la LUNA","headline":"APERTURA DEL NUOVO CENTRO ESTETICO &#8220;ARTESTETICA&#8221;","author":{"@id":"https:\/\/www.luna-nuova.it\/?author=5#author"},"publisher":{"@id":"https:\/\/www.luna-nuova.it\/#organization"},"image":{"@type":"ImageObject","url":"https:\/\/www.luna-nuova.it\/wp-content\/uploads\/2026\/08\/Jessica-Calicetti-e1787910420309.jpg","width":564,"height":405},"datePublished":"2024-06-09T11:42:00+02:00","dateModified":"2026-08-28T16:44:05+02:00","inLanguage":"it-IT","mainEntityOfPage":{"@id":"https:\/\/www.luna-nuova.it\/?p=5518#webpage"},"isPartOf":{"@id":"https:\/\/www.luna-nuova.it\/?p=5518#webpage"},"articleSection":"Fatti e Misfatti"},{"@type":"BreadcrumbList","@id":"https:\/\/www.luna-nuova.it\/?p=5518#breadcrumblist","itemListElement":[{"@type":"ListItem","@id":"https:\/\/www.luna-nuova.it#listItem","position":1,"name":"Home","item":"https:\/\/www.luna-nuova.it","nextItem":{"@type":"ListItem","@id":"https:\/\/www.luna-nuova.it\/?cat=7#listItem","name":"Fatti e Misfatti"}},{"@type":"ListItem","@id":"https:\/\/www.luna-nuova.it\/?cat=7#listItem","position":2,"name":"Fatti e Misfatti","item":"https:\/\/www.luna-nuova.it\/?cat=7","nextItem":{"@type":"ListItem","@id":"https:\/\/www.luna-nuova.it\/?p=5518#listItem","name":"APERTURA DEL NUOVO CENTRO ESTETICO &#8220;ARTESTETICA&#8221;"},"previousItem":{"@type":"ListItem","@id":"https:\/\/www.luna-nuova.it#listItem","name":"Home"}},{"@type":"ListItem","@id":"https:\/\/www.luna-nuova.it\/?p=5518#listItem","position":3,"name":"APERTURA DEL NUOVO CENTRO ESTETICO &#8220;ARTESTETICA&#8221;","previousItem":{"@type":"ListItem","@id":"https:\/\/www.luna-nuova.it\/?cat=7#listItem","name":"Fatti e Misfatti"}}]},{"@type":"Organization","@id":"https:\/\/www.luna-nuova.it\/#organization","name":"Associazione la LUNA aps","description":"Attualit\u00e0, cultura, tradizioni, solidariet\u00e0 da Palagano e dintorni.","url":"https:\/\/www.luna-nuova.it\/","email":"redazione@luna-nuova.it","telephone":"+393393959487","logo":{"@type":"ImageObject","url":"https:\/\/www.luna-nuova.it\/wp-content\/uploads\/2026\/08\/Logo2013.jpg","@id":"https:\/\/www.luna-nuova.it\/?p=5518\/#organizationLogo","width":851,"height":491},"image":{"@id":"https:\/\/www.luna-nuova.it\/?p=5518\/#organizationLogo"},"sameAs":["https:\/\/www.facebook.com\/groups\/395803209096","https:\/\/www.instagram.com\/associazionelalunanuova\/"]},{"@type":"Person","@id":"https:\/\/www.luna-nuova.it\/?author=5#author","url":"https:\/\/www.luna-nuova.it\/?author=5","name":"Martina Galvani","image":{"@type":"ImageObject","@id":"https:\/\/www.luna-nuova.it\/?p=5518#authorImage","url":"https:\/\/secure.gravatar.com\/avatar\/206837ca44bfd344f0c4a230100831ecc8c5d27798795bd78b63e99342722ca4?s=96&d=mm&r=g","width":96,"height":96,"caption":"Martina Galvani"}},{"@type":"WebPage","@id":"https:\/\/www.luna-nuova.it\/?p=5518#webpage","url":"https:\/\/www.luna-nuova.it\/?p=5518","name":"APERTURA DEL NUOVO CENTRO ESTETICO \u201cARTESTETICA\u201d - Associazione la LUNA","description":"A fine marzo ha inaugurato il nuovo centro estetico Artestetica. Dopo dieci anni di esperienza lavorativa a Pavullo, Jessica Caliceti ha deciso di aprire un\u2019attivit\u00e0 tutta sua, realizzando un sogno che aveva da tempo.","inLanguage":"it-IT","isPartOf":{"@id":"https:\/\/www.luna-nuova.it\/#website"},"breadcrumb":{"@id":"https:\/\/www.luna-nuova.it\/?p=5518#breadcrumblist"},"author":{"@id":"https:\/\/www.luna-nuova.it\/?author=5#author"},"creator":{"@id":"https:\/\/www.luna-nuova.it\/?author=5#author"},"image":{"@type":"ImageObject","url":"https:\/\/www.luna-nuova.it\/wp-content\/uploads\/2026\/08\/Jessica-Calicetti-e1787910420309.jpg","@id":"https:\/\/www.luna-nuova.it\/?p=5518\/#mainImage","width":564,"height":405},"primaryImageOfPage":{"@id":"https:\/\/www.luna-nuova.it\/?p=5518#mainImage"},"datePublished":"2024-06-09T11:42:00+02:00","dateModified":"2026-08-28T16:44:05+02:00"},{"@type":"WebSite","@id":"https:\/\/www.luna-nuova.it\/#website","url":"https:\/\/www.luna-nuova.it\/","name":"Associazione la LUNA","description":"Attualit\u00e0 - Cultura - Tradizioni - Solidariet\u00e0","inLanguage":"it-IT","publisher":{"@id":"https:\/\/www.luna-nuova.it\/#organization"}}]},"og:locale":"it_IT","og:site_name":"Associazione la LUNA - Attualit\u00e0 - Cultura - Tradizioni - Solidariet\u00e0","og:type":"article","og:title":"APERTURA DEL NUOVO CENTRO ESTETICO \u201cARTESTETICA\u201d - Associazione la LUNA","og:description":"A fine marzo ha inaugurato il nuovo centro estetico Artestetica. Dopo dieci anni di esperienza lavorativa a Pavullo, Jessica Caliceti ha deciso di aprire un\u2019attivit\u00e0 tutta sua, realizzando un sogno che aveva da tempo.","og:url":"https:\/\/www.luna-nuova.it\/?p=5518","article:published_time":"2024-06-09T09:42:00+00:00","article:modified_time":"2026-08-28T14:44:05+00:00","article:publisher":"https:\/\/www.facebook.com\/groups\/395803209096","twitter:card":"summary_large_image","twitter:title":"APERTURA DEL NUOVO CENTRO ESTETICO \u201cARTESTETICA\u201d - Associazione la LUNA","twitter:description":"A fine marzo ha inaugurato il nuovo centro estetico Artestetica. Dopo dieci anni di esperienza lavorativa a Pavullo, Jessica Caliceti ha deciso di aprire un\u2019attivit\u00e0 tutta sua, realizzando un sogno che aveva da tempo."},"aioseo_meta_data":{"post_id":"5518","title":null,"description":null,"keywords":null,"keyphrases":{"focus":{"keyphrase":"","score":0,"analysis":{"keyphraseInTitle":{"score":0,"maxScore":9,"error":1}}},"additional":[]},"focus_keyword":null,"additional_keywords":null,"truseo_locale":null,"primary_term":null,"canonical_url":null,"og_title":null,"og_description":null,"og_object_type":"default","og_image_type":"default","og_image_custom_url":null,"og_image_custom_fields":null,"og_image_url":null,"og_image_width":null,"og_image_height":null,"og_video":"","og_custom_url":null,"og_article_section":null,"og_article_tags":null,"twitter_use_og":false,"twitter_card":"default","twitter_image_type":"default","twitter_image_custom_url":null,"twitter_image_custom_fields":null,"twitter_image_url":null,"twitter_title":null,"twitter_description":null,"schema_type":"default","schema_type_options":null,"schema":{"blockGraphs":[],"customGraphs":[],"default":{"data":{"Article":[],"Course":[],"Dataset":[],"FAQPage":[],"Movie":[],"Person":[],"Product":[],"ProductReview":[],"Car":[],"Recipe":[],"Service":[],"SoftwareApplication":[],"WebPage":[]},"graphName":"BlogPosting","isEnabled":true},"graphs":[]},"pillar_content":false,"robots_default":true,"robots_noindex":false,"robots_noarchive":false,"robots_nosnippet":false,"robots_nofollow":false,"robots_noimageindex":false,"robots_noodp":false,"robots_notranslate":false,"robots_max_snippet":"-1","robots_max_videopreview":"-1","robots_max_imagepreview":"large","priority":null,"frequency":"default","local_seo":null,"limit_modified_date":false,"ai":{"faqs":[],"keyPoints":[],"schemas":[],"titles":[],"descriptions":[],"socialPosts":{"email":{"subject":"","preview":"","content":""},"linkedin":[],"twitter":[],"facebook":[],"instagram":[]}},"breadcrumb_settings":null,"seo_analyzer_scan_date":null,"created":"2026-08-28 09:44:36","updated":"2026-08-28 17:03:06"},"aioseo_breadcrumb":"<div class=\"aioseo-breadcrumbs\"><span class=\"aioseo-breadcrumb\">\n\t\t\t<a href=\"https:\/\/www.luna-nuova.it\" title=\"Home\">Home<\/a>\n\t\t<\/span><span class=\"aioseo-breadcrumb-separator\">&raquo;<\/span><span class=\"aioseo-breadcrumb\">\n\t\t\t<a href=\"https:\/\/www.luna-nuova.it\/?cat=7\" title=\"Fatti e Misfatti\">Fatti e Misfatti<\/a>\n\t\t<\/span><span class=\"aioseo-breadcrumb-separator\">&raquo;<\/span><span class=\"aioseo-breadcrumb\">\n\t\t\tAPERTURA DEL NUOVO CENTRO ESTETICO \u201cARTESTETICA\u201d\n\t\t<\/span><\/div>","aioseo_breadcrumb_json":[{"label":"Home","link":"https:\/\/www.luna-nuova.it"},{"label":"Fatti e Misfatti","link":"https:\/\/www.luna-nuova.it\/?cat=7"},{"label":"APERTURA DEL NUOVO CENTRO ESTETICO &#8220;ARTESTETICA&#8221;","link":"https:\/\/www.luna-nuova.it\/?p=5518"}],"acf":[],"_links":{"self":[{"href":"https:\/\/www.luna-nuova.it\/index.php?rest_route=\/wp\/v2\/posts\/5518","targetHints":{"allow":["GET"]}}],"collection":[{"href":"https:\/\/www.luna-nuova.it\/index.php?rest_route=\/wp\/v2\/posts"}],"about":[{"href":"https:\/\/www.luna-nuova.it\/index.php?rest_route=\/wp\/v2\/types\/post"}],"author":[{"embeddable":true,"href":"https:\/\/www.luna-nuova.it\/index.php?rest_route=\/wp\/v2\/users\/5"}],"replies":[{"embeddable":true,"href":"https:\/\/www.luna-nuova.it\/index.php?rest_route=%2Fwp%2Fv2%2Fcomments&post=5518"}],"version-history":[{"count":2,"href":"https:\/\/www.luna-nuova.it\/index.php?rest_route=\/wp\/v2\/posts\/5518\/revisions"}],"predecessor-version":[{"id":5527,"href":"https:\/\/www.luna-nuova.it\/index.php?rest_route=\/wp\/v2\/posts\/5518\/revisions\/5527"}],"wp:featuredmedia":[{"embeddable":true,"href":"https:\/\/www.luna-nuova.it\/index.php?rest_route=\/wp\/v2\/media\/5517"}],"wp:attachment":[{"href":"https:\/\/www.luna-nuova.it\/index.php?rest_route=%2Fwp%2Fv2%2Fmedia&parent=5518"}],"wp:term":[{"taxonomy":"category","embeddable":true,"href":"https:\/\/www.luna-nuova.it\/index.php?rest_route=%2Fwp%2Fv2%2Fcategories&post=5518"},{"taxonomy":"post_tag","embeddable":true,"href":"https:\/\/www.luna-nuova.it\/index.php?rest_route=%2Fwp%2Fv2%2Ftags&post=5518"}],"curies":[{"name":"wp","href":"https:\/\/api.w.org\/{rel}","templated":true}]}}