{"id":5515,"date":"2024-06-09T11:35:00","date_gmt":"2024-06-09T09:35:00","guid":{"rendered":"https:\/\/www.luna-nuova.it\/?p=5515"},"modified":"2026-08-28T11:39:59","modified_gmt":"2026-08-28T09:39:59","slug":"ricordo-di-domenico-guigli","status":"publish","type":"post","link":"https:\/\/www.luna-nuova.it\/?p=5515","title":{"rendered":"RICORDO DI DOMENICO GUIGLI"},"content":{"rendered":"\n<figure class=\"wp-block-image size-large\"><img decoding=\"async\" width=\"1024\" height=\"626\" data-src=\"https:\/\/www.luna-nuova.it\/wp-content\/uploads\/2026\/08\/Domenico-Guigli-e1787909653885-1024x626.jpg\" alt=\"\" class=\"wp-image-5514 lazyload\" data-srcset=\"https:\/\/www.luna-nuova.it\/wp-content\/uploads\/2026\/08\/Domenico-Guigli-e1787909653885-1024x626.jpg 1024w, https:\/\/www.luna-nuova.it\/wp-content\/uploads\/2026\/08\/Domenico-Guigli-e1787909653885-300x183.jpg 300w, https:\/\/www.luna-nuova.it\/wp-content\/uploads\/2026\/08\/Domenico-Guigli-e1787909653885-768x469.jpg 768w, https:\/\/www.luna-nuova.it\/wp-content\/uploads\/2026\/08\/Domenico-Guigli-e1787909653885.jpg 1178w\" data-sizes=\"(max-width: 1024px) 100vw, 1024px\" src=\"data:image\/svg+xml;base64,PHN2ZyB3aWR0aD0iMSIgaGVpZ2h0PSIxIiB4bWxucz0iaHR0cDovL3d3dy53My5vcmcvMjAwMC9zdmciPjwvc3ZnPg==\" style=\"--smush-placeholder-width: 1024px; --smush-placeholder-aspect-ratio: 1024\/626;\" \/><\/figure>\n\n\n\n<p class=\"has-text-align-left wp-block-paragraph\">Giugno 2000. Apertura della Fiera dell&#8217;artigianato.<br>Da sinistra: don Fabrizio Martelli, Domenico Guigli,<br>mons. Benito Cocchi, Giovanni Meldi, Casini Viterbo, Bruno Ricchi.<\/p>\n\n\n\n<p class=\"has-text-align-right wp-block-paragraph\"><a href=\"https:\/\/www.luna-nuova.it\/wp-content\/uploads\/2026\/01\/65-ln-giugno-2024-WEB.pdf\" data-type=\"attachment\" data-id=\"482\">la <strong>LUNA <\/strong><em>nuova <\/em>&#8211; Giugno 2024<\/a><\/p>\n\n\n\n<div style=\"height:34px\" aria-hidden=\"true\" class=\"wp-block-spacer\"><\/div>\n\n\n\n<p class=\"wp-block-paragraph\" style=\"font-size:20px\"><strong>Bruno Ricchi<\/strong><\/p>\n\n\n\n<p class=\"wp-block-paragraph\" style=\"font-size:20px\">Ho conosciuto Domenico Guigli nel 1964 quando, come tecnico comunale, era dipendente del comune di Montefiorino. Nel 1969 ero dipendente del comune di Palagano e, per motivi professionali, i rapporti con Domenico si fecero pi\u00f9 intensi e continui. Domenico, a quel tempo, mi sembrava &#8220;di un altro pianeta&#8221; sia per la conduzione dell&#8217;ufficio tecnico di Montefiorino, sia, successivamente, con l&#8217;avvio della sua azienda &#8220;Stradedil&#8221;. Seriet\u00e0, competenza e impegno emergevano dal suo comportamento, sempre disponibile ad aiutare e indirizzare chi si rivolgeva a lui. Tutta la sua vita \u00e8 stata un intreccio di impegni, cariche e conquiste. Ordine, razionalit\u00e0 e intelligenza hanno sempre contraddistinto anche la sua attivit\u00e0 amministrativa come Sindaco di Palagano e negli altri incarichi intercomunali e provinciali. Come amministratore \u00e8 stato uno dei pochi che ha promosso le attivit\u00e0 culturali, sociali, umane e religiose in un contesto montano sempre molto difficile e in un generale deserto di comprensione. Ho conosciuto ed apprezzato Domenico soprattutto nelle lunghe chiacchierate delle serate trascorse a Casa Guiglia, a casa sua, nello studio al piano terra, dove erano raccolte e stipate le testimonianze della sua vita, dal servizio militare nei Carabinieri ai rapporti tecnico-amministrativi a livello nazionale ed oltre. Persone come Domenico, purtroppo rare, fanno crescere la societ\u00e0 civile dando speranza e certezza anche ai giovani, con il lavoro e con l&#8217;esempio.<br>Sono stato fortunato a colloquiare con lui almeno quarant&#8217;anni. Desidero in proposito rimarcare lo scrupoloso ordine che regnava nel suo capannone di Pramoreto ove, di fianco ai diversi autocarri, erano a magazzino elementi e attrezzature per l&#8217;attivit\u00e0 d&#8217;impresa.<br>Un capitolo particolare della sua vita \u00e8 rappresentato dall&#8217;impegno profuso con l&#8217;associazione S.C.I.L.L.A. per gli aiuti in Africa. Viaggi per studiare le condizioni ambientali, progetti, impegno per la realizzazione coi volontari.<br>Un aspetto, forse a pochi noto, del suo impegno politico-sociale per la nostra zona era l&#8217;idea di conservare e organizzare le piccole imprese dalla montagna per ottenere pi\u00f9 lavoro ed autodeterminazione.<\/p>\n\n\n\n<p class=\"wp-block-paragraph\"><\/p>\n","protected":false},"excerpt":{"rendered":"<p>Ho conosciuto Domenico Guigli nel 1964 quando, come tecnico comunale, era dipendente del comune di Montefiorino. Nel 1969 ero dipendente del comune di Palagano e, per motivi professionali, i rapporti con Domenico si fecero pi\u00f9 intensi e continui.<\/p>\n","protected":false},"author":46,"featured_media":5514,"comment_status":"open","ping_status":"open","sticky":false,"template":"","format":"standard","meta":{"_acf_changed":false,"footnotes":""},"categories":[7],"tags":[],"class_list":["post-5515","post","type-post","status-publish","format-standard","has-post-thumbnail","hentry","category-fatti-e-misfatti"],"aioseo_notices":[],"aioseo_head":"\n\t\t<!-- All in One SEO 5.0.1.1 - aioseo.com -->\n\t<meta name=\"description\" content=\"Ho conosciuto Domenico Guigli nel 1964 quando, come tecnico comunale, era dipendente del comune di Montefiorino. Nel 1969 ero dipendente del comune di Palagano e, per motivi professionali, i rapporti con Domenico si fecero pi\u00f9 intensi e continui.\" \/>\n\t<meta name=\"robots\" content=\"max-image-preview:large\" \/>\n\t<meta name=\"author\" content=\"Bruno Ricchi\"\/>\n\t<link rel=\"canonical\" href=\"https:\/\/www.luna-nuova.it\/?p=5515\" \/>\n\t<meta name=\"generator\" content=\"All in One SEO (AIOSEO) 5.0.1.1\" \/>\n\t\t<meta property=\"og:locale\" content=\"it_IT\" \/>\n\t\t<meta property=\"og:site_name\" content=\"Associazione la LUNA - Attualit\u00e0 - Cultura - Tradizioni - Solidariet\u00e0\" \/>\n\t\t<meta property=\"og:type\" content=\"article\" \/>\n\t\t<meta property=\"og:title\" content=\"RICORDO DI DOMENICO GUIGLI - Associazione la LUNA\" \/>\n\t\t<meta property=\"og:description\" content=\"Ho conosciuto Domenico Guigli nel 1964 quando, come tecnico comunale, era dipendente del comune di Montefiorino. Nel 1969 ero dipendente del comune di Palagano e, per motivi professionali, i rapporti con Domenico si fecero pi\u00f9 intensi e continui.\" \/>\n\t\t<meta property=\"og:url\" content=\"https:\/\/www.luna-nuova.it\/?p=5515\" \/>\n\t\t<meta property=\"article:published_time\" content=\"2024-06-09T09:35:00+00:00\" \/>\n\t\t<meta property=\"article:modified_time\" content=\"2026-08-28T09:39:59+00:00\" \/>\n\t\t<meta property=\"article:publisher\" content=\"https:\/\/www.facebook.com\/groups\/395803209096\" \/>\n\t\t<meta name=\"twitter:card\" content=\"summary_large_image\" \/>\n\t\t<meta name=\"twitter:title\" content=\"RICORDO DI DOMENICO GUIGLI - Associazione la LUNA\" \/>\n\t\t<meta name=\"twitter:description\" content=\"Ho conosciuto Domenico Guigli nel 1964 quando, come tecnico comunale, era dipendente del comune di Montefiorino. Nel 1969 ero dipendente del comune di Palagano e, per motivi professionali, i rapporti con Domenico si fecero pi\u00f9 intensi e continui.\" \/>\n\t\t<script type=\"application\/ld+json\" class=\"aioseo-schema\">\n\t\t\t{\"@context\":\"https:\\\/\\\/schema.org\",\"@graph\":[{\"@type\":\"BlogPosting\",\"@id\":\"https:\\\/\\\/www.luna-nuova.it\\\/?p=5515#blogposting\",\"name\":\"RICORDO DI DOMENICO GUIGLI - Associazione la LUNA\",\"headline\":\"RICORDO DI DOMENICO GUIGLI\",\"author\":{\"@id\":\"https:\\\/\\\/www.luna-nuova.it\\\/?author=46#author\"},\"publisher\":{\"@id\":\"https:\\\/\\\/www.luna-nuova.it\\\/#organization\"},\"image\":{\"@type\":\"ImageObject\",\"url\":\"https:\\\/\\\/www.luna-nuova.it\\\/wp-content\\\/uploads\\\/2026\\\/08\\\/Domenico-Guigli-e1787909653885.jpg\",\"width\":1178,\"height\":720},\"datePublished\":\"2024-06-09T11:35:00+02:00\",\"dateModified\":\"2026-08-28T11:39:59+02:00\",\"inLanguage\":\"it-IT\",\"mainEntityOfPage\":{\"@id\":\"https:\\\/\\\/www.luna-nuova.it\\\/?p=5515#webpage\"},\"isPartOf\":{\"@id\":\"https:\\\/\\\/www.luna-nuova.it\\\/?p=5515#webpage\"},\"articleSection\":\"Fatti e Misfatti\"},{\"@type\":\"BreadcrumbList\",\"@id\":\"https:\\\/\\\/www.luna-nuova.it\\\/?p=5515#breadcrumblist\",\"itemListElement\":[{\"@type\":\"ListItem\",\"@id\":\"https:\\\/\\\/www.luna-nuova.it#listItem\",\"position\":1,\"name\":\"Home\",\"item\":\"https:\\\/\\\/www.luna-nuova.it\",\"nextItem\":{\"@type\":\"ListItem\",\"@id\":\"https:\\\/\\\/www.luna-nuova.it\\\/?cat=7#listItem\",\"name\":\"Fatti e Misfatti\"}},{\"@type\":\"ListItem\",\"@id\":\"https:\\\/\\\/www.luna-nuova.it\\\/?cat=7#listItem\",\"position\":2,\"name\":\"Fatti e Misfatti\",\"item\":\"https:\\\/\\\/www.luna-nuova.it\\\/?cat=7\",\"nextItem\":{\"@type\":\"ListItem\",\"@id\":\"https:\\\/\\\/www.luna-nuova.it\\\/?p=5515#listItem\",\"name\":\"RICORDO DI DOMENICO GUIGLI\"},\"previousItem\":{\"@type\":\"ListItem\",\"@id\":\"https:\\\/\\\/www.luna-nuova.it#listItem\",\"name\":\"Home\"}},{\"@type\":\"ListItem\",\"@id\":\"https:\\\/\\\/www.luna-nuova.it\\\/?p=5515#listItem\",\"position\":3,\"name\":\"RICORDO DI DOMENICO GUIGLI\",\"previousItem\":{\"@type\":\"ListItem\",\"@id\":\"https:\\\/\\\/www.luna-nuova.it\\\/?cat=7#listItem\",\"name\":\"Fatti e Misfatti\"}}]},{\"@type\":\"Organization\",\"@id\":\"https:\\\/\\\/www.luna-nuova.it\\\/#organization\",\"name\":\"Associazione la LUNA aps\",\"description\":\"Attualit\\u00e0, cultura, tradizioni, solidariet\\u00e0 da Palagano e dintorni.\",\"url\":\"https:\\\/\\\/www.luna-nuova.it\\\/\",\"email\":\"redazione@luna-nuova.it\",\"telephone\":\"+393393959487\",\"logo\":{\"@type\":\"ImageObject\",\"url\":\"https:\\\/\\\/www.luna-nuova.it\\\/wp-content\\\/uploads\\\/2026\\\/08\\\/Logo2013.jpg\",\"@id\":\"https:\\\/\\\/www.luna-nuova.it\\\/?p=5515\\\/#organizationLogo\",\"width\":851,\"height\":491},\"image\":{\"@id\":\"https:\\\/\\\/www.luna-nuova.it\\\/?p=5515\\\/#organizationLogo\"},\"sameAs\":[\"https:\\\/\\\/www.facebook.com\\\/groups\\\/395803209096\",\"https:\\\/\\\/www.instagram.com\\\/associazionelalunanuova\\\/\"]},{\"@type\":\"Person\",\"@id\":\"https:\\\/\\\/www.luna-nuova.it\\\/?author=46#author\",\"url\":\"https:\\\/\\\/www.luna-nuova.it\\\/?author=46\",\"name\":\"Bruno Ricchi\",\"image\":{\"@type\":\"ImageObject\",\"@id\":\"https:\\\/\\\/www.luna-nuova.it\\\/?p=5515#authorImage\",\"url\":\"https:\\\/\\\/secure.gravatar.com\\\/avatar\\\/884feb9ea9dfcdec22073fb5cf18b13f3b927232a9cb1de480e76c285c97deaf?s=96&d=mm&r=g\",\"width\":96,\"height\":96,\"caption\":\"Bruno Ricchi\"}},{\"@type\":\"WebPage\",\"@id\":\"https:\\\/\\\/www.luna-nuova.it\\\/?p=5515#webpage\",\"url\":\"https:\\\/\\\/www.luna-nuova.it\\\/?p=5515\",\"name\":\"RICORDO DI DOMENICO GUIGLI - Associazione la LUNA\",\"description\":\"Ho conosciuto Domenico Guigli nel 1964 quando, come tecnico comunale, era dipendente del comune di Montefiorino. Nel 1969 ero dipendente del comune di Palagano e, per motivi professionali, i rapporti con Domenico si fecero pi\\u00f9 intensi e continui.\",\"inLanguage\":\"it-IT\",\"isPartOf\":{\"@id\":\"https:\\\/\\\/www.luna-nuova.it\\\/#website\"},\"breadcrumb\":{\"@id\":\"https:\\\/\\\/www.luna-nuova.it\\\/?p=5515#breadcrumblist\"},\"author\":{\"@id\":\"https:\\\/\\\/www.luna-nuova.it\\\/?author=46#author\"},\"creator\":{\"@id\":\"https:\\\/\\\/www.luna-nuova.it\\\/?author=46#author\"},\"image\":{\"@type\":\"ImageObject\",\"url\":\"https:\\\/\\\/www.luna-nuova.it\\\/wp-content\\\/uploads\\\/2026\\\/08\\\/Domenico-Guigli-e1787909653885.jpg\",\"@id\":\"https:\\\/\\\/www.luna-nuova.it\\\/?p=5515\\\/#mainImage\",\"width\":1178,\"height\":720},\"primaryImageOfPage\":{\"@id\":\"https:\\\/\\\/www.luna-nuova.it\\\/?p=5515#mainImage\"},\"datePublished\":\"2024-06-09T11:35:00+02:00\",\"dateModified\":\"2026-08-28T11:39:59+02:00\"},{\"@type\":\"WebSite\",\"@id\":\"https:\\\/\\\/www.luna-nuova.it\\\/#website\",\"url\":\"https:\\\/\\\/www.luna-nuova.it\\\/\",\"name\":\"Associazione la LUNA\",\"description\":\"Attualit\\u00e0 - Cultura - Tradizioni - Solidariet\\u00e0\",\"inLanguage\":\"it-IT\",\"publisher\":{\"@id\":\"https:\\\/\\\/www.luna-nuova.it\\\/#organization\"}}]}\n\t\t<\/script>\n\t\t<!-- All in One SEO -->\n\n","aioseo_head_json":{"title":"RICORDO DI DOMENICO GUIGLI - Associazione la LUNA","description":"Ho conosciuto Domenico Guigli nel 1964 quando, come tecnico comunale, era dipendente del comune di Montefiorino. Nel 1969 ero dipendente del comune di Palagano e, per motivi professionali, i rapporti con Domenico si fecero pi\u00f9 intensi e continui.","canonical_url":"https:\/\/www.luna-nuova.it\/?p=5515","robots":"max-image-preview:large","keywords":"","webmasterTools":{"miscellaneous":""},"schema":{"@context":"https:\/\/schema.org","@graph":[{"@type":"BlogPosting","@id":"https:\/\/www.luna-nuova.it\/?p=5515#blogposting","name":"RICORDO DI DOMENICO GUIGLI - Associazione la LUNA","headline":"RICORDO DI DOMENICO GUIGLI","author":{"@id":"https:\/\/www.luna-nuova.it\/?author=46#author"},"publisher":{"@id":"https:\/\/www.luna-nuova.it\/#organization"},"image":{"@type":"ImageObject","url":"https:\/\/www.luna-nuova.it\/wp-content\/uploads\/2026\/08\/Domenico-Guigli-e1787909653885.jpg","width":1178,"height":720},"datePublished":"2024-06-09T11:35:00+02:00","dateModified":"2026-08-28T11:39:59+02:00","inLanguage":"it-IT","mainEntityOfPage":{"@id":"https:\/\/www.luna-nuova.it\/?p=5515#webpage"},"isPartOf":{"@id":"https:\/\/www.luna-nuova.it\/?p=5515#webpage"},"articleSection":"Fatti e Misfatti"},{"@type":"BreadcrumbList","@id":"https:\/\/www.luna-nuova.it\/?p=5515#breadcrumblist","itemListElement":[{"@type":"ListItem","@id":"https:\/\/www.luna-nuova.it#listItem","position":1,"name":"Home","item":"https:\/\/www.luna-nuova.it","nextItem":{"@type":"ListItem","@id":"https:\/\/www.luna-nuova.it\/?cat=7#listItem","name":"Fatti e Misfatti"}},{"@type":"ListItem","@id":"https:\/\/www.luna-nuova.it\/?cat=7#listItem","position":2,"name":"Fatti e Misfatti","item":"https:\/\/www.luna-nuova.it\/?cat=7","nextItem":{"@type":"ListItem","@id":"https:\/\/www.luna-nuova.it\/?p=5515#listItem","name":"RICORDO DI DOMENICO GUIGLI"},"previousItem":{"@type":"ListItem","@id":"https:\/\/www.luna-nuova.it#listItem","name":"Home"}},{"@type":"ListItem","@id":"https:\/\/www.luna-nuova.it\/?p=5515#listItem","position":3,"name":"RICORDO DI DOMENICO GUIGLI","previousItem":{"@type":"ListItem","@id":"https:\/\/www.luna-nuova.it\/?cat=7#listItem","name":"Fatti e Misfatti"}}]},{"@type":"Organization","@id":"https:\/\/www.luna-nuova.it\/#organization","name":"Associazione la LUNA aps","description":"Attualit\u00e0, cultura, tradizioni, solidariet\u00e0 da Palagano e dintorni.","url":"https:\/\/www.luna-nuova.it\/","email":"redazione@luna-nuova.it","telephone":"+393393959487","logo":{"@type":"ImageObject","url":"https:\/\/www.luna-nuova.it\/wp-content\/uploads\/2026\/08\/Logo2013.jpg","@id":"https:\/\/www.luna-nuova.it\/?p=5515\/#organizationLogo","width":851,"height":491},"image":{"@id":"https:\/\/www.luna-nuova.it\/?p=5515\/#organizationLogo"},"sameAs":["https:\/\/www.facebook.com\/groups\/395803209096","https:\/\/www.instagram.com\/associazionelalunanuova\/"]},{"@type":"Person","@id":"https:\/\/www.luna-nuova.it\/?author=46#author","url":"https:\/\/www.luna-nuova.it\/?author=46","name":"Bruno Ricchi","image":{"@type":"ImageObject","@id":"https:\/\/www.luna-nuova.it\/?p=5515#authorImage","url":"https:\/\/secure.gravatar.com\/avatar\/884feb9ea9dfcdec22073fb5cf18b13f3b927232a9cb1de480e76c285c97deaf?s=96&d=mm&r=g","width":96,"height":96,"caption":"Bruno Ricchi"}},{"@type":"WebPage","@id":"https:\/\/www.luna-nuova.it\/?p=5515#webpage","url":"https:\/\/www.luna-nuova.it\/?p=5515","name":"RICORDO DI DOMENICO GUIGLI - Associazione la LUNA","description":"Ho conosciuto Domenico Guigli nel 1964 quando, come tecnico comunale, era dipendente del comune di Montefiorino. Nel 1969 ero dipendente del comune di Palagano e, per motivi professionali, i rapporti con Domenico si fecero pi\u00f9 intensi e continui.","inLanguage":"it-IT","isPartOf":{"@id":"https:\/\/www.luna-nuova.it\/#website"},"breadcrumb":{"@id":"https:\/\/www.luna-nuova.it\/?p=5515#breadcrumblist"},"author":{"@id":"https:\/\/www.luna-nuova.it\/?author=46#author"},"creator":{"@id":"https:\/\/www.luna-nuova.it\/?author=46#author"},"image":{"@type":"ImageObject","url":"https:\/\/www.luna-nuova.it\/wp-content\/uploads\/2026\/08\/Domenico-Guigli-e1787909653885.jpg","@id":"https:\/\/www.luna-nuova.it\/?p=5515\/#mainImage","width":1178,"height":720},"primaryImageOfPage":{"@id":"https:\/\/www.luna-nuova.it\/?p=5515#mainImage"},"datePublished":"2024-06-09T11:35:00+02:00","dateModified":"2026-08-28T11:39:59+02:00"},{"@type":"WebSite","@id":"https:\/\/www.luna-nuova.it\/#website","url":"https:\/\/www.luna-nuova.it\/","name":"Associazione la LUNA","description":"Attualit\u00e0 - Cultura - Tradizioni - Solidariet\u00e0","inLanguage":"it-IT","publisher":{"@id":"https:\/\/www.luna-nuova.it\/#organization"}}]},"og:locale":"it_IT","og:site_name":"Associazione la LUNA - Attualit\u00e0 - Cultura - Tradizioni - Solidariet\u00e0","og:type":"article","og:title":"RICORDO DI DOMENICO GUIGLI - Associazione la LUNA","og:description":"Ho conosciuto Domenico Guigli nel 1964 quando, come tecnico comunale, era dipendente del comune di Montefiorino. Nel 1969 ero dipendente del comune di Palagano e, per motivi professionali, i rapporti con Domenico si fecero pi\u00f9 intensi e continui.","og:url":"https:\/\/www.luna-nuova.it\/?p=5515","article:published_time":"2024-06-09T09:35:00+00:00","article:modified_time":"2026-08-28T09:39:59+00:00","article:publisher":"https:\/\/www.facebook.com\/groups\/395803209096","twitter:card":"summary_large_image","twitter:title":"RICORDO DI DOMENICO GUIGLI - Associazione la LUNA","twitter:description":"Ho conosciuto Domenico Guigli nel 1964 quando, come tecnico comunale, era dipendente del comune di Montefiorino. Nel 1969 ero dipendente del comune di Palagano e, per motivi professionali, i rapporti con Domenico si fecero pi\u00f9 intensi e continui."},"aioseo_meta_data":{"post_id":"5515","title":null,"description":null,"keywords":null,"keyphrases":{"focus":{"keyphrase":"","score":0,"analysis":{"keyphraseInTitle":{"score":0,"maxScore":9,"error":1}}},"additional":[]},"focus_keyword":null,"additional_keywords":null,"truseo_locale":null,"primary_term":null,"canonical_url":null,"og_title":null,"og_description":null,"og_object_type":"default","og_image_type":"default","og_image_custom_url":null,"og_image_custom_fields":null,"og_image_url":null,"og_image_width":null,"og_image_height":null,"og_video":"","og_custom_url":null,"og_article_section":null,"og_article_tags":null,"twitter_use_og":false,"twitter_card":"default","twitter_image_type":"default","twitter_image_custom_url":null,"twitter_image_custom_fields":null,"twitter_image_url":null,"twitter_title":null,"twitter_description":null,"schema_type":"default","schema_type_options":null,"schema":{"blockGraphs":[],"customGraphs":[],"default":{"data":{"Article":[],"Course":[],"Dataset":[],"FAQPage":[],"Movie":[],"Person":[],"Product":[],"ProductReview":[],"Car":[],"Recipe":[],"Service":[],"SoftwareApplication":[],"WebPage":[]},"graphName":"BlogPosting","isEnabled":true},"graphs":[]},"pillar_content":false,"robots_default":true,"robots_noindex":false,"robots_noarchive":false,"robots_nosnippet":false,"robots_nofollow":false,"robots_noimageindex":false,"robots_noodp":false,"robots_notranslate":false,"robots_max_snippet":"-1","robots_max_videopreview":"-1","robots_max_imagepreview":"large","priority":null,"frequency":"default","local_seo":null,"limit_modified_date":false,"ai":{"faqs":[],"keyPoints":[],"schemas":[],"titles":[],"descriptions":[],"socialPosts":{"email":{"subject":"","preview":"","content":""},"linkedin":[],"twitter":[],"facebook":[],"instagram":[]}},"breadcrumb_settings":null,"seo_analyzer_scan_date":null,"created":"2026-08-28 09:35:53","updated":"2026-08-28 10:29:45"},"aioseo_breadcrumb":"<div class=\"aioseo-breadcrumbs\"><span class=\"aioseo-breadcrumb\">\n\t\t\t<a href=\"https:\/\/www.luna-nuova.it\" title=\"Home\">Home<\/a>\n\t\t<\/span><span class=\"aioseo-breadcrumb-separator\">&raquo;<\/span><span class=\"aioseo-breadcrumb\">\n\t\t\t<a href=\"https:\/\/www.luna-nuova.it\/?cat=7\" title=\"Fatti e Misfatti\">Fatti e Misfatti<\/a>\n\t\t<\/span><span class=\"aioseo-breadcrumb-separator\">&raquo;<\/span><span class=\"aioseo-breadcrumb\">\n\t\t\tRICORDO DI DOMENICO GUIGLI\n\t\t<\/span><\/div>","aioseo_breadcrumb_json":[{"label":"Home","link":"https:\/\/www.luna-nuova.it"},{"label":"Fatti e Misfatti","link":"https:\/\/www.luna-nuova.it\/?cat=7"},{"label":"RICORDO DI DOMENICO GUIGLI","link":"https:\/\/www.luna-nuova.it\/?p=5515"}],"acf":[],"_links":{"self":[{"href":"https:\/\/www.luna-nuova.it\/index.php?rest_route=\/wp\/v2\/posts\/5515","targetHints":{"allow":["GET"]}}],"collection":[{"href":"https:\/\/www.luna-nuova.it\/index.php?rest_route=\/wp\/v2\/posts"}],"about":[{"href":"https:\/\/www.luna-nuova.it\/index.php?rest_route=\/wp\/v2\/types\/post"}],"author":[{"embeddable":true,"href":"https:\/\/www.luna-nuova.it\/index.php?rest_route=\/wp\/v2\/users\/46"}],"replies":[{"embeddable":true,"href":"https:\/\/www.luna-nuova.it\/index.php?rest_route=%2Fwp%2Fv2%2Fcomments&post=5515"}],"version-history":[{"count":1,"href":"https:\/\/www.luna-nuova.it\/index.php?rest_route=\/wp\/v2\/posts\/5515\/revisions"}],"predecessor-version":[{"id":5516,"href":"https:\/\/www.luna-nuova.it\/index.php?rest_route=\/wp\/v2\/posts\/5515\/revisions\/5516"}],"wp:featuredmedia":[{"embeddable":true,"href":"https:\/\/www.luna-nuova.it\/index.php?rest_route=\/wp\/v2\/media\/5514"}],"wp:attachment":[{"href":"https:\/\/www.luna-nuova.it\/index.php?rest_route=%2Fwp%2Fv2%2Fmedia&parent=5515"}],"wp:term":[{"taxonomy":"category","embeddable":true,"href":"https:\/\/www.luna-nuova.it\/index.php?rest_route=%2Fwp%2Fv2%2Fcategories&post=5515"},{"taxonomy":"post_tag","embeddable":true,"href":"https:\/\/www.luna-nuova.it\/index.php?rest_route=%2Fwp%2Fv2%2Ftags&post=5515"}],"curies":[{"name":"wp","href":"https:\/\/api.w.org\/{rel}","templated":true}]}}