{"id":5360,"date":"2024-12-03T16:16:00","date_gmt":"2024-12-03T15:16:00","guid":{"rendered":"https:\/\/www.luna-nuova.it\/?p=5360"},"modified":"2026-08-25T16:26:09","modified_gmt":"2026-08-25T14:26:09","slug":"8-settembre-1943","status":"publish","type":"post","link":"https:\/\/www.luna-nuova.it\/?p=5360","title":{"rendered":"8 SETTEMBRE 1943"},"content":{"rendered":"\n<figure class=\"wp-block-image size-full is-resized\"><img decoding=\"async\" width=\"768\" height=\"633\" data-src=\"https:\/\/www.luna-nuova.it\/wp-content\/uploads\/2026\/01\/logo-poesia.jpeg\" alt=\"\" class=\"wp-image-329 lazyload\" style=\"--smush-placeholder-width: 768px; --smush-placeholder-aspect-ratio: 768\/633;width:177px;height:auto\" data-srcset=\"https:\/\/www.luna-nuova.it\/wp-content\/uploads\/2026\/01\/logo-poesia.jpeg 768w, https:\/\/www.luna-nuova.it\/wp-content\/uploads\/2026\/01\/logo-poesia-300x247.jpeg 300w\" data-sizes=\"(max-width: 768px) 100vw, 768px\" src=\"data:image\/svg+xml;base64,PHN2ZyB3aWR0aD0iMSIgaGVpZ2h0PSIxIiB4bWxucz0iaHR0cDovL3d3dy53My5vcmcvMjAwMC9zdmciPjwvc3ZnPg==\" \/><\/figure>\n\n\n\n<p class=\"has-text-align-right wp-block-paragraph\"><strong><mark><a href=\"https:\/\/www.luna-nuova.it\/wp-content\/uploads\/2026\/01\/066-DICEMBRE2024-WEB.pdf\" target=\"_blank\" rel=\"noopener\"><mark style=\"background-color:#ffffff\" class=\"has-inline-color\">La LUNA\u00a0<\/mark><\/a><\/mark><\/strong><em><mark><a href=\"https:\/\/www.luna-nuova.it\/wp-content\/uploads\/2026\/01\/066-DICEMBRE2024-WEB.pdf\" target=\"_blank\" rel=\"noopener\"><mark style=\"background-color:#ffffff\" class=\"has-inline-color\"><strong>nuova<\/strong>, dicembre 2024.<\/mark><\/a><\/mark><\/em><\/p>\n\n\n\n<div style=\"height:39px\" aria-hidden=\"true\" class=\"wp-block-spacer\"><\/div>\n\n\n\n<p class=\"wp-block-paragraph\" style=\"font-size:20px\"><strong>Silvano Braglia<\/strong><\/p>\n\n\n\n<div class=\"wp-block-columns is-layout-flex wp-container-core-columns-is-layout-7387b849 wp-block-columns-is-layout-flex\">\n<div class=\"wp-block-column is-layout-flow wp-block-column-is-layout-flow\">\n<p class=\"wp-block-paragraph\" style=\"font-size:19px\">L\u2019ot de stamber de quarantatri<br>in tla val\u00e4da e suna al campan:<br>l\u2019arturna qui ch\u2019ieren parti<br>per la gu\u00e8ra!<br>A ca\u2019 e gh\u00e8 armas sul di v\u00e8ch, dal d\u00f6n, di p\u00fcpin;<br>in ti camp e f\u00e9n e e furment<br>i asp\u00e8ten la msura e la f\u00e8ra.<br>L\u2019\u00e8 fnida finalment,<br>l\u2019\u00e8 fnida la gu\u00e8ra!<br>Laven d\u00e9t che l\u2019Italia la vliva un imper,<br>che per t\u00ebch l\u2019arivava e pan e u lavur:<br>e s\u2019\u00e8 svel\u00e4 e mister,<br>sul di mort, di fri, di dulur\u2026<br>L\u2019\u00e8 fnida finalment la gu\u00e8ra!<br>Al n\u00f2n l\u2019ha desgrup\u00e4 e fazulat r\u00f6s da e c\u00f2l,<br>l\u2019ha fat finta ed supias al nas,<br>l\u2019ha sp\u00fcda per t\u00e8ra<br>e damand na v\u00f6lta e cuntava al f\u00f6l<br>e s\u2019\u00e8 mes a parlar ed la p\u00e4s.<br>Al d\u00e9 dop a fa pr\u00e8st a pasar l\u2019alegria:<br>in tla val di cuip ed muscat,<br>dal fil ed camiun in tla via:<br>l\u2019ariva i tudasc\u2026<br>E l\u2019artaca la gu\u00e8ra.<br>I noster ragac is dan a la machia,<br>i chiamen band\u00ec, ien ricerc\u00e4,<br>ien p\u00f6c, ma t\u00ebch curagius,<br>decis a difander la s\u00f6 libert\u00e0.<br>Denter a i rif\u00ebg b\u00e9n ascus<br>cun i\u00ebch dal lagherm apan\u00e4,<br>i guarden d\u2019luntan<br>al c\u00e0 incendiadi<br>ed M\u00fcnch, de Stergnan.<br>Depert\u00ebt l\u2019\u00e8 rabia e timur<br>ed perder t\u00ebt qual che t\u00e4 m\u00e9s insam<br>cun na v\u00e9ta ed lavur.<br>E pasa d\u00fc inveren de stent,<br>ma po&#8217; finalment<br>e romb de canun e tas<br>e a primavera e sbocia la pas.<\/p>\n<\/div>\n\n\n\n<div class=\"wp-block-column is-layout-flow wp-block-column-is-layout-flow\">\n<p class=\"wp-block-paragraph\" style=\"font-size:19px\">L&#8217;otto settembre del quarantatre<br>nella valle suonano le campane:<br>ritornano coloro che erano partiti<br>per la guerra!<br>A casa sono rimasti solo vecchi, donne, bambini;<br>nei campi il fieno e il frumento<br>aspettano falcetto e falce.<br>\u00e8 finita finalmente,<br>\u00e8 finita la guerra!<br>Avevano detto che l&#8217;Italia voleva un impero,<br>che per tutti arrivava pane e lavoro:<br>si \u00e8 svelato il mistero,<br>solo morti, feriti, dolori&#8230;<br>\u00e8 finita finalmente la guerra!<br>Il nonno ha sciolto il fazzolletto rosso dal collo,<br>ha finto di soffiarsi il naso,<br>ha sputato per terra<br>e come in passato raccontava favole<br>e ha cominciato a parlare della pace.<br>Il giorno dopo l&#8217;allegria passa in fretta:<br>nella valle colpi di moschetto,<br>colonne di camion lungo la via:<br>arrivano i tedeschi&#8230;<br>E ricomincia la guerra.<br>I nostri ragazzi si danno alla macchia,<br>li chiamano banditi, sono ricercati,<br>sono pochi, ma tutti coraggiosi,<br>decisi a difendere la loro libert\u00e0.<br>Dentro ai rifugi ben nascosti<br>con gli occhi appannati dalle lacrime,<br>guardano da lontano<br>le case incendiate<br>di Monchio, di Costrignano.<br>Ovunque c&#8217;\u00e8 rabbia e dimore<br>di perdere tutto ci\u00f2 che hai messo insieme<br>con un vita di lavoro.<br>Passano due inverni di stenti,<br>ma poi finalmente<br>il tuono dei cannoni cessa<br>e in primavera sboccia a pace.<\/p>\n<\/div>\n<\/div>\n\n\n\n<p class=\"wp-block-paragraph\"><\/p>\n","protected":false},"excerpt":{"rendered":"<p>L\u2019ot de stamber de quarantatri<br \/>\nin tla val\u00e4da e suna al campan:<br \/>\nl\u2019arturna qui ch\u2019ieren parti<br \/>\nper la gu\u00e8ra!<\/p>\n","protected":false},"author":40,"featured_media":329,"comment_status":"open","ping_status":"open","sticky":false,"template":"","format":"standard","meta":{"_acf_changed":false,"footnotes":""},"categories":[20],"tags":[],"class_list":["post-5360","post","type-post","status-publish","format-standard","has-post-thumbnail","hentry","category-poesia"],"aioseo_notices":[],"aioseo_head":"\n\t\t<!-- All in One SEO 5.0.1.1 - aioseo.com -->\n\t<meta name=\"description\" content=\"L\u2019ot de stamber de quarantatri in tla val\u00e4da e suna al campan: l\u2019arturna qui ch\u2019ieren parti per la gu\u00e8ra!\" \/>\n\t<meta name=\"robots\" content=\"max-image-preview:large\" \/>\n\t<meta name=\"author\" content=\"Silvano Braglia\"\/>\n\t<link rel=\"canonical\" href=\"https:\/\/www.luna-nuova.it\/?p=5360\" \/>\n\t<meta name=\"generator\" content=\"All in One SEO (AIOSEO) 5.0.1.1\" \/>\n\t\t<meta property=\"og:locale\" content=\"it_IT\" \/>\n\t\t<meta property=\"og:site_name\" content=\"Associazione la LUNA - Attualit\u00e0 - Cultura - Tradizioni - Solidariet\u00e0\" \/>\n\t\t<meta property=\"og:type\" content=\"article\" \/>\n\t\t<meta property=\"og:title\" content=\"8 SETTEMBRE 1943 - Associazione la LUNA\" \/>\n\t\t<meta property=\"og:description\" content=\"L\u2019ot de stamber de quarantatri in tla val\u00e4da e suna al campan: l\u2019arturna qui ch\u2019ieren parti per la gu\u00e8ra!\" \/>\n\t\t<meta property=\"og:url\" content=\"https:\/\/www.luna-nuova.it\/?p=5360\" \/>\n\t\t<meta property=\"article:published_time\" content=\"2024-12-03T15:16:00+00:00\" \/>\n\t\t<meta property=\"article:modified_time\" content=\"2026-08-25T14:26:09+00:00\" \/>\n\t\t<meta property=\"article:publisher\" content=\"https:\/\/www.facebook.com\/groups\/395803209096\" \/>\n\t\t<meta name=\"twitter:card\" content=\"summary_large_image\" \/>\n\t\t<meta name=\"twitter:title\" content=\"8 SETTEMBRE 1943 - Associazione la LUNA\" \/>\n\t\t<meta name=\"twitter:description\" content=\"L\u2019ot de stamber de quarantatri in tla val\u00e4da e suna al campan: l\u2019arturna qui ch\u2019ieren parti per la gu\u00e8ra!\" \/>\n\t\t<script type=\"application\/ld+json\" class=\"aioseo-schema\">\n\t\t\t{\"@context\":\"https:\\\/\\\/schema.org\",\"@graph\":[{\"@type\":\"BlogPosting\",\"@id\":\"https:\\\/\\\/www.luna-nuova.it\\\/?p=5360#blogposting\",\"name\":\"8 SETTEMBRE 1943 - Associazione la LUNA\",\"headline\":\"8 SETTEMBRE 1943\",\"author\":{\"@id\":\"https:\\\/\\\/www.luna-nuova.it\\\/?author=40#author\"},\"publisher\":{\"@id\":\"https:\\\/\\\/www.luna-nuova.it\\\/#organization\"},\"image\":{\"@type\":\"ImageObject\",\"url\":\"https:\\\/\\\/www.luna-nuova.it\\\/wp-content\\\/uploads\\\/2026\\\/01\\\/logo-poesia.jpeg\",\"width\":768,\"height\":633},\"datePublished\":\"2024-12-03T16:16:00+01:00\",\"dateModified\":\"2026-08-25T16:26:09+02:00\",\"inLanguage\":\"it-IT\",\"mainEntityOfPage\":{\"@id\":\"https:\\\/\\\/www.luna-nuova.it\\\/?p=5360#webpage\"},\"isPartOf\":{\"@id\":\"https:\\\/\\\/www.luna-nuova.it\\\/?p=5360#webpage\"},\"articleSection\":\"Poesia\"},{\"@type\":\"BreadcrumbList\",\"@id\":\"https:\\\/\\\/www.luna-nuova.it\\\/?p=5360#breadcrumblist\",\"itemListElement\":[{\"@type\":\"ListItem\",\"@id\":\"https:\\\/\\\/www.luna-nuova.it#listItem\",\"position\":1,\"name\":\"Home\",\"item\":\"https:\\\/\\\/www.luna-nuova.it\",\"nextItem\":{\"@type\":\"ListItem\",\"@id\":\"https:\\\/\\\/www.luna-nuova.it\\\/?cat=20#listItem\",\"name\":\"Poesia\"}},{\"@type\":\"ListItem\",\"@id\":\"https:\\\/\\\/www.luna-nuova.it\\\/?cat=20#listItem\",\"position\":2,\"name\":\"Poesia\",\"item\":\"https:\\\/\\\/www.luna-nuova.it\\\/?cat=20\",\"nextItem\":{\"@type\":\"ListItem\",\"@id\":\"https:\\\/\\\/www.luna-nuova.it\\\/?p=5360#listItem\",\"name\":\"8 SETTEMBRE 1943\"},\"previousItem\":{\"@type\":\"ListItem\",\"@id\":\"https:\\\/\\\/www.luna-nuova.it#listItem\",\"name\":\"Home\"}},{\"@type\":\"ListItem\",\"@id\":\"https:\\\/\\\/www.luna-nuova.it\\\/?p=5360#listItem\",\"position\":3,\"name\":\"8 SETTEMBRE 1943\",\"previousItem\":{\"@type\":\"ListItem\",\"@id\":\"https:\\\/\\\/www.luna-nuova.it\\\/?cat=20#listItem\",\"name\":\"Poesia\"}}]},{\"@type\":\"Organization\",\"@id\":\"https:\\\/\\\/www.luna-nuova.it\\\/#organization\",\"name\":\"Associazione la LUNA aps\",\"description\":\"Attualit\\u00e0, cultura, tradizioni, solidariet\\u00e0 da Palagano e dintorni.\",\"url\":\"https:\\\/\\\/www.luna-nuova.it\\\/\",\"email\":\"redazione@luna-nuova.it\",\"telephone\":\"+393393959487\",\"logo\":{\"@type\":\"ImageObject\",\"url\":\"https:\\\/\\\/www.luna-nuova.it\\\/wp-content\\\/uploads\\\/2026\\\/08\\\/Logo2013.jpg\",\"@id\":\"https:\\\/\\\/www.luna-nuova.it\\\/?p=5360\\\/#organizationLogo\",\"width\":851,\"height\":491},\"image\":{\"@id\":\"https:\\\/\\\/www.luna-nuova.it\\\/?p=5360\\\/#organizationLogo\"},\"sameAs\":[\"https:\\\/\\\/www.facebook.com\\\/groups\\\/395803209096\",\"https:\\\/\\\/www.instagram.com\\\/associazionelalunanuova\\\/\"]},{\"@type\":\"Person\",\"@id\":\"https:\\\/\\\/www.luna-nuova.it\\\/?author=40#author\",\"url\":\"https:\\\/\\\/www.luna-nuova.it\\\/?author=40\",\"name\":\"Silvano Braglia\",\"image\":{\"@type\":\"ImageObject\",\"@id\":\"https:\\\/\\\/www.luna-nuova.it\\\/?p=5360#authorImage\",\"url\":\"https:\\\/\\\/secure.gravatar.com\\\/avatar\\\/c8fd2457d1bd36bed200696eb66d9bce6fc0fc81d8d7297ee3e1b660e2a4a01e?s=96&d=mm&r=g\",\"width\":96,\"height\":96,\"caption\":\"Silvano Braglia\"}},{\"@type\":\"WebPage\",\"@id\":\"https:\\\/\\\/www.luna-nuova.it\\\/?p=5360#webpage\",\"url\":\"https:\\\/\\\/www.luna-nuova.it\\\/?p=5360\",\"name\":\"8 SETTEMBRE 1943 - Associazione la LUNA\",\"description\":\"L\\u2019ot de stamber de quarantatri in tla val\\u00e4da e suna al campan: l\\u2019arturna qui ch\\u2019ieren parti per la gu\\u00e8ra!\",\"inLanguage\":\"it-IT\",\"isPartOf\":{\"@id\":\"https:\\\/\\\/www.luna-nuova.it\\\/#website\"},\"breadcrumb\":{\"@id\":\"https:\\\/\\\/www.luna-nuova.it\\\/?p=5360#breadcrumblist\"},\"author\":{\"@id\":\"https:\\\/\\\/www.luna-nuova.it\\\/?author=40#author\"},\"creator\":{\"@id\":\"https:\\\/\\\/www.luna-nuova.it\\\/?author=40#author\"},\"image\":{\"@type\":\"ImageObject\",\"url\":\"https:\\\/\\\/www.luna-nuova.it\\\/wp-content\\\/uploads\\\/2026\\\/01\\\/logo-poesia.jpeg\",\"@id\":\"https:\\\/\\\/www.luna-nuova.it\\\/?p=5360\\\/#mainImage\",\"width\":768,\"height\":633},\"primaryImageOfPage\":{\"@id\":\"https:\\\/\\\/www.luna-nuova.it\\\/?p=5360#mainImage\"},\"datePublished\":\"2024-12-03T16:16:00+01:00\",\"dateModified\":\"2026-08-25T16:26:09+02:00\"},{\"@type\":\"WebSite\",\"@id\":\"https:\\\/\\\/www.luna-nuova.it\\\/#website\",\"url\":\"https:\\\/\\\/www.luna-nuova.it\\\/\",\"name\":\"Associazione la LUNA\",\"description\":\"Attualit\\u00e0 - Cultura - Tradizioni - Solidariet\\u00e0\",\"inLanguage\":\"it-IT\",\"publisher\":{\"@id\":\"https:\\\/\\\/www.luna-nuova.it\\\/#organization\"}}]}\n\t\t<\/script>\n\t\t<!-- All in One SEO -->\n\n","aioseo_head_json":{"title":"8 SETTEMBRE 1943 - Associazione la LUNA","description":"L\u2019ot de stamber de quarantatri in tla val\u00e4da e suna al campan: l\u2019arturna qui ch\u2019ieren parti per la gu\u00e8ra!","canonical_url":"https:\/\/www.luna-nuova.it\/?p=5360","robots":"max-image-preview:large","keywords":"","webmasterTools":{"miscellaneous":""},"schema":{"@context":"https:\/\/schema.org","@graph":[{"@type":"BlogPosting","@id":"https:\/\/www.luna-nuova.it\/?p=5360#blogposting","name":"8 SETTEMBRE 1943 - Associazione la LUNA","headline":"8 SETTEMBRE 1943","author":{"@id":"https:\/\/www.luna-nuova.it\/?author=40#author"},"publisher":{"@id":"https:\/\/www.luna-nuova.it\/#organization"},"image":{"@type":"ImageObject","url":"https:\/\/www.luna-nuova.it\/wp-content\/uploads\/2026\/01\/logo-poesia.jpeg","width":768,"height":633},"datePublished":"2024-12-03T16:16:00+01:00","dateModified":"2026-08-25T16:26:09+02:00","inLanguage":"it-IT","mainEntityOfPage":{"@id":"https:\/\/www.luna-nuova.it\/?p=5360#webpage"},"isPartOf":{"@id":"https:\/\/www.luna-nuova.it\/?p=5360#webpage"},"articleSection":"Poesia"},{"@type":"BreadcrumbList","@id":"https:\/\/www.luna-nuova.it\/?p=5360#breadcrumblist","itemListElement":[{"@type":"ListItem","@id":"https:\/\/www.luna-nuova.it#listItem","position":1,"name":"Home","item":"https:\/\/www.luna-nuova.it","nextItem":{"@type":"ListItem","@id":"https:\/\/www.luna-nuova.it\/?cat=20#listItem","name":"Poesia"}},{"@type":"ListItem","@id":"https:\/\/www.luna-nuova.it\/?cat=20#listItem","position":2,"name":"Poesia","item":"https:\/\/www.luna-nuova.it\/?cat=20","nextItem":{"@type":"ListItem","@id":"https:\/\/www.luna-nuova.it\/?p=5360#listItem","name":"8 SETTEMBRE 1943"},"previousItem":{"@type":"ListItem","@id":"https:\/\/www.luna-nuova.it#listItem","name":"Home"}},{"@type":"ListItem","@id":"https:\/\/www.luna-nuova.it\/?p=5360#listItem","position":3,"name":"8 SETTEMBRE 1943","previousItem":{"@type":"ListItem","@id":"https:\/\/www.luna-nuova.it\/?cat=20#listItem","name":"Poesia"}}]},{"@type":"Organization","@id":"https:\/\/www.luna-nuova.it\/#organization","name":"Associazione la LUNA aps","description":"Attualit\u00e0, cultura, tradizioni, solidariet\u00e0 da Palagano e dintorni.","url":"https:\/\/www.luna-nuova.it\/","email":"redazione@luna-nuova.it","telephone":"+393393959487","logo":{"@type":"ImageObject","url":"https:\/\/www.luna-nuova.it\/wp-content\/uploads\/2026\/08\/Logo2013.jpg","@id":"https:\/\/www.luna-nuova.it\/?p=5360\/#organizationLogo","width":851,"height":491},"image":{"@id":"https:\/\/www.luna-nuova.it\/?p=5360\/#organizationLogo"},"sameAs":["https:\/\/www.facebook.com\/groups\/395803209096","https:\/\/www.instagram.com\/associazionelalunanuova\/"]},{"@type":"Person","@id":"https:\/\/www.luna-nuova.it\/?author=40#author","url":"https:\/\/www.luna-nuova.it\/?author=40","name":"Silvano Braglia","image":{"@type":"ImageObject","@id":"https:\/\/www.luna-nuova.it\/?p=5360#authorImage","url":"https:\/\/secure.gravatar.com\/avatar\/c8fd2457d1bd36bed200696eb66d9bce6fc0fc81d8d7297ee3e1b660e2a4a01e?s=96&d=mm&r=g","width":96,"height":96,"caption":"Silvano Braglia"}},{"@type":"WebPage","@id":"https:\/\/www.luna-nuova.it\/?p=5360#webpage","url":"https:\/\/www.luna-nuova.it\/?p=5360","name":"8 SETTEMBRE 1943 - Associazione la LUNA","description":"L\u2019ot de stamber de quarantatri in tla val\u00e4da e suna al campan: l\u2019arturna qui ch\u2019ieren parti per la gu\u00e8ra!","inLanguage":"it-IT","isPartOf":{"@id":"https:\/\/www.luna-nuova.it\/#website"},"breadcrumb":{"@id":"https:\/\/www.luna-nuova.it\/?p=5360#breadcrumblist"},"author":{"@id":"https:\/\/www.luna-nuova.it\/?author=40#author"},"creator":{"@id":"https:\/\/www.luna-nuova.it\/?author=40#author"},"image":{"@type":"ImageObject","url":"https:\/\/www.luna-nuova.it\/wp-content\/uploads\/2026\/01\/logo-poesia.jpeg","@id":"https:\/\/www.luna-nuova.it\/?p=5360\/#mainImage","width":768,"height":633},"primaryImageOfPage":{"@id":"https:\/\/www.luna-nuova.it\/?p=5360#mainImage"},"datePublished":"2024-12-03T16:16:00+01:00","dateModified":"2026-08-25T16:26:09+02:00"},{"@type":"WebSite","@id":"https:\/\/www.luna-nuova.it\/#website","url":"https:\/\/www.luna-nuova.it\/","name":"Associazione la LUNA","description":"Attualit\u00e0 - Cultura - Tradizioni - Solidariet\u00e0","inLanguage":"it-IT","publisher":{"@id":"https:\/\/www.luna-nuova.it\/#organization"}}]},"og:locale":"it_IT","og:site_name":"Associazione la LUNA - Attualit\u00e0 - Cultura - Tradizioni - Solidariet\u00e0","og:type":"article","og:title":"8 SETTEMBRE 1943 - Associazione la LUNA","og:description":"L\u2019ot de stamber de quarantatri in tla val\u00e4da e suna al campan: l\u2019arturna qui ch\u2019ieren parti per la gu\u00e8ra!","og:url":"https:\/\/www.luna-nuova.it\/?p=5360","article:published_time":"2024-12-03T15:16:00+00:00","article:modified_time":"2026-08-25T14:26:09+00:00","article:publisher":"https:\/\/www.facebook.com\/groups\/395803209096","twitter:card":"summary_large_image","twitter:title":"8 SETTEMBRE 1943 - Associazione la LUNA","twitter:description":"L\u2019ot de stamber de quarantatri in tla val\u00e4da e suna al campan: l\u2019arturna qui ch\u2019ieren parti per la gu\u00e8ra!"},"aioseo_meta_data":{"post_id":"5360","title":null,"description":null,"keywords":null,"keyphrases":{"focus":{"keyphrase":"","score":0,"analysis":{"keyphraseInTitle":{"score":0,"maxScore":9,"error":1}}},"additional":[]},"focus_keyword":null,"additional_keywords":null,"truseo_locale":null,"primary_term":null,"canonical_url":null,"og_title":null,"og_description":null,"og_object_type":"default","og_image_type":"default","og_image_custom_url":null,"og_image_custom_fields":null,"og_image_url":null,"og_image_width":null,"og_image_height":null,"og_video":"","og_custom_url":null,"og_article_section":null,"og_article_tags":null,"twitter_use_og":false,"twitter_card":"default","twitter_image_type":"default","twitter_image_custom_url":null,"twitter_image_custom_fields":null,"twitter_image_url":null,"twitter_title":null,"twitter_description":null,"schema_type":"default","schema_type_options":null,"schema":{"blockGraphs":[],"customGraphs":[],"default":{"data":{"Article":[],"Course":[],"Dataset":[],"FAQPage":[],"Movie":[],"Person":[],"Product":[],"ProductReview":[],"Car":[],"Recipe":[],"Service":[],"SoftwareApplication":[],"WebPage":[]},"graphName":"BlogPosting","isEnabled":true},"graphs":[]},"pillar_content":false,"robots_default":true,"robots_noindex":false,"robots_noarchive":false,"robots_nosnippet":false,"robots_nofollow":false,"robots_noimageindex":false,"robots_noodp":false,"robots_notranslate":false,"robots_max_snippet":"-1","robots_max_videopreview":"-1","robots_max_imagepreview":"large","priority":null,"frequency":"default","local_seo":null,"limit_modified_date":false,"ai":{"faqs":[],"keyPoints":[],"schemas":[],"titles":[],"descriptions":[],"socialPosts":{"email":{"subject":"","preview":"","content":""},"linkedin":[],"twitter":[],"facebook":[],"instagram":[]}},"breadcrumb_settings":null,"seo_analyzer_scan_date":null,"created":"2026-08-25 14:17:59","updated":"2026-08-25 14:33:18"},"aioseo_breadcrumb":"<div class=\"aioseo-breadcrumbs\"><span class=\"aioseo-breadcrumb\">\n\t\t\t<a href=\"https:\/\/www.luna-nuova.it\" title=\"Home\">Home<\/a>\n\t\t<\/span><span class=\"aioseo-breadcrumb-separator\">&raquo;<\/span><span class=\"aioseo-breadcrumb\">\n\t\t\t<a href=\"https:\/\/www.luna-nuova.it\/?cat=20\" title=\"Poesia\">Poesia<\/a>\n\t\t<\/span><span class=\"aioseo-breadcrumb-separator\">&raquo;<\/span><span class=\"aioseo-breadcrumb\">\n\t\t\t8 SETTEMBRE 1943\n\t\t<\/span><\/div>","aioseo_breadcrumb_json":[{"label":"Home","link":"https:\/\/www.luna-nuova.it"},{"label":"Poesia","link":"https:\/\/www.luna-nuova.it\/?cat=20"},{"label":"8 SETTEMBRE 1943","link":"https:\/\/www.luna-nuova.it\/?p=5360"}],"acf":[],"_links":{"self":[{"href":"https:\/\/www.luna-nuova.it\/index.php?rest_route=\/wp\/v2\/posts\/5360","targetHints":{"allow":["GET"]}}],"collection":[{"href":"https:\/\/www.luna-nuova.it\/index.php?rest_route=\/wp\/v2\/posts"}],"about":[{"href":"https:\/\/www.luna-nuova.it\/index.php?rest_route=\/wp\/v2\/types\/post"}],"author":[{"embeddable":true,"href":"https:\/\/www.luna-nuova.it\/index.php?rest_route=\/wp\/v2\/users\/40"}],"replies":[{"embeddable":true,"href":"https:\/\/www.luna-nuova.it\/index.php?rest_route=%2Fwp%2Fv2%2Fcomments&post=5360"}],"version-history":[{"count":2,"href":"https:\/\/www.luna-nuova.it\/index.php?rest_route=\/wp\/v2\/posts\/5360\/revisions"}],"predecessor-version":[{"id":5362,"href":"https:\/\/www.luna-nuova.it\/index.php?rest_route=\/wp\/v2\/posts\/5360\/revisions\/5362"}],"wp:featuredmedia":[{"embeddable":true,"href":"https:\/\/www.luna-nuova.it\/index.php?rest_route=\/wp\/v2\/media\/329"}],"wp:attachment":[{"href":"https:\/\/www.luna-nuova.it\/index.php?rest_route=%2Fwp%2Fv2%2Fmedia&parent=5360"}],"wp:term":[{"taxonomy":"category","embeddable":true,"href":"https:\/\/www.luna-nuova.it\/index.php?rest_route=%2Fwp%2Fv2%2Fcategories&post=5360"},{"taxonomy":"post_tag","embeddable":true,"href":"https:\/\/www.luna-nuova.it\/index.php?rest_route=%2Fwp%2Fv2%2Ftags&post=5360"}],"curies":[{"name":"wp","href":"https:\/\/api.w.org\/{rel}","templated":true}]}}